{"id":905,"date":"2023-04-23T08:24:00","date_gmt":"2023-04-23T07:24:00","guid":{"rendered":"https:\/\/chemindesolidarite.ch\/?p=905"},"modified":"2023-04-27T09:12:18","modified_gmt":"2023-04-27T08:12:18","slug":"une-application-creee-par-un-etudiant-pour-apporter-de-laide","status":"publish","type":"post","link":"https:\/\/chemindesolidarite.ch\/index.php\/2023\/04\/23\/une-application-creee-par-un-etudiant-pour-apporter-de-laide\/","title":{"rendered":"Une application cr\u00e9\u00e9e par un \u00e9tudiant pour apporter de l&rsquo;aide"},"content":{"rendered":"\n<div class=\"wp-block-columns is-layout-flex wp-container-core-columns-is-layout-9d6595d7 wp-block-columns-is-layout-flex\">\n<div class=\"wp-block-column is-layout-flow wp-block-column-is-layout-flow\" style=\"flex-basis:33.33%\"><div class=\"wp-block-image\">\n<figure class=\"aligncenter size-full\"><img loading=\"lazy\" decoding=\"async\" width=\"176\" height=\"173\" src=\"https:\/\/chemindesolidarite.ch\/wp-content\/uploads\/2023\/04\/student.png\" alt=\"\" class=\"wp-image-906\" srcset=\"https:\/\/chemindesolidarite.ch\/wp-content\/uploads\/2023\/04\/student.png 176w, https:\/\/chemindesolidarite.ch\/wp-content\/uploads\/2023\/04\/student-45x45.png 45w\" sizes=\"auto, (max-width: 176px) 100vw, 176px\" \/><\/figure>\n<\/div><\/div>\n\n\n\n<div class=\"wp-block-column is-layout-flow wp-block-column-is-layout-flow\" style=\"flex-basis:66.66%\">\n<p>\u00ab&nbsp;<em>J&rsquo;ai pens\u00e9 que je pouvais \u00eatre utile \u00e0 mon pays gr\u00e2ce aux connaissances que j\u2019ai acquises ici&nbsp;\u00bb dit <\/em>Antoine Sader, 25 ans. C\u2019est un jeune originaire d&rsquo;Alep qui, depuis septembre 2022, est \u00e9tudiant en informatique \u00e0 l&rsquo;Universit\u00e9 d\u2019Etat de Milan, gr\u00e2ce au programme \u00e9ducatif mis en place par l&rsquo;interm\u00e9diaire du monast\u00e8re de Mar Moussa, des J\u00e9suites et soutenu par notre Association (CSCO) qui permet \u00e0 de jeunes Syriens de poursuivre leurs \u00e9tudes dans des universit\u00e9s italiennes<\/p>\n<\/div>\n<\/div>\n\n\n\n<p>Le terrible tremblement de terre qui a frapp\u00e9 la Turquie et la Syrie a \u00e9galement touch\u00e9 la ville d&rsquo;origine d&rsquo;Antoine, Alep, o\u00f9 sa famille vit toujours. Antoine n&rsquo;a pas perdu de temps et, face \u00e0 l&rsquo;urgence, il s&rsquo;est imm\u00e9diatement mis au travail, mettant \u00e0 profit ses connaissances en informatique&nbsp;: c&rsquo;est ainsi qu&rsquo;est n\u00e9 en un temps record <em>\u00ab&nbsp;SYRIE&nbsp;: DONNER &amp; RECEVOIR&nbsp;\u00bb<\/em> (<a href=\"https:\/\/syr.onrender.com\/\">syr.onrender.com<\/a>) une plateforme web en arabe destin\u00e9e \u00e0 mettre en relation les personnes souhaitant faire un don et celles qui ont besoin d&rsquo;aide.<\/p>\n\n\n\n<p>L&rsquo;id\u00e9e de base est que si une personne a quelque chose \u00e0 donner, par exemple du lait en poudre pour les b\u00e9b\u00e9s, elle peut l\u2019enregistrer sur le site en indiquant son num\u00e9ro de t\u00e9l\u00e9phone et sa ville. Les personnes cherchant de l&rsquo;aide peuvent, de leur c\u00f4t\u00e9, poster une annonce avec leurs coordonn\u00e9es et indiquer ce dont elles ont besoin. Les donateurs peuvent visualiser les informations sur les demandes dans leur r\u00e9gion, pour voir, par exemple, s\u2019il y a des n\u00e9cessit\u00e9s sp\u00e9cifiques, et r\u00e9ciproquement.<\/p>\n\n\n\n<div class=\"wp-block-columns is-layout-flex wp-container-core-columns-is-layout-9d6595d7 wp-block-columns-is-layout-flex\">\n<div class=\"wp-block-column is-layout-flow wp-block-column-is-layout-flow\">\n<p>Antoine a cr\u00e9\u00e9 le site en quatre heures et l&rsquo;a mis en ligne. Gr\u00e2ce au bouche-\u00e0-oreille des r\u00e9seaux sociaux, le site a imm\u00e9diatement re\u00e7u des dizaines de demandes (plus de 150 annonces ont \u00e9t\u00e9 publi\u00e9es en ligne).<\/p>\n\n\n\n<p><em>\u00ab\u00a0Apr\u00e8s avoir constat\u00e9 l&rsquo;int\u00e9r\u00eat et l&rsquo;utilit\u00e9 de cet outil, j&rsquo;ai d\u00e9cid\u00e9 de rendre le projet open source, afin que toute personne ayant des comp\u00e9tences en programmation puisse apporter sa contribution et aider \u00e0 d\u00e9velopper le projet. J&rsquo;ai \u00e9t\u00e9 contact\u00e9 par plus de 20 Syriens, certains vivant en Syrie, d&rsquo;autres dans d&rsquo;autres pays, qui ne me connaissaient pas mais souhaitaient offrir leurs comp\u00e9tences (conception, gestion, programmation&#8230;) et c&rsquo;est ainsi que j&rsquo;ai form\u00e9 une \u00e9quipe\u00a0\u00bb<\/em> raconte Antoine.<\/p>\n<\/div>\n\n\n\n<div class=\"wp-block-column is-layout-flow wp-block-column-is-layout-flow\">\n<figure class=\"wp-block-image size-full\"><img loading=\"lazy\" decoding=\"async\" width=\"652\" height=\"373\" src=\"https:\/\/chemindesolidarite.ch\/wp-content\/uploads\/2023\/04\/app.png\" alt=\"\" class=\"wp-image-907\" srcset=\"https:\/\/chemindesolidarite.ch\/wp-content\/uploads\/2023\/04\/app.png 652w, https:\/\/chemindesolidarite.ch\/wp-content\/uploads\/2023\/04\/app-300x172.png 300w\" sizes=\"auto, (max-width: 652px) 100vw, 652px\" \/><\/figure>\n<\/div>\n<\/div>\n\n\n\n<p>Aujourd&rsquo;hui, lui et son \u00e9quipe travaillent \u00e0 am\u00e9liorer la plateforme en ajoutant de nouvelles fonctionnalit\u00e9s (WhatsApp et Telegram) et am\u00e9liorant l&rsquo;interface utilisateur afin de faciliter la t\u00e2che des personnes qui n&rsquo;ont pas l&rsquo;habitude d&rsquo;utiliser des sites web. Nous ajoutons \u00e9galement de nouvelles fonctionnalit\u00e9s au site, telles qu&rsquo;une liste des abris disponibles, une liste des personnes disparues sous les d\u00e9combres et leur signalement.<\/p>\n\n\n\n<p>Pour la r\u00e9alisation de la plateforme web, Antoine a utilis\u00e9 MongoDB, une plateforme de gestion de Big Data qu&rsquo;il a \u00e9tudi\u00e9e \u00e0 l&rsquo;universit\u00e9. Son professeur l\u2019a f\u00e9licit\u00e9 pour avoir cr\u00e9\u00e9 une application utile et qui s&rsquo;av\u00e8re tr\u00e8s utile dans cette p\u00e9riode difficile.<\/p>\n\n\n\n<p><em>\u00ab&nbsp;L&rsquo;Universit\u00e9 de Milan participe activement \u00e0 des programmes d&rsquo;internationalisation responsable qui favorisent l&rsquo;acc\u00e8s \u00e0 l&rsquo;enseignement universitaire pour les \u00e9tudiants r\u00e9fugi\u00e9s ou en provenance de zones \u00e0 risque, comme dans le cas du projet Mar Moussa pour la Syrie&nbsp;\u00bb<\/em> commente la vice-rectrice \u00e0 l&rsquo;Internationalisation, Antonella Baldi. Le t\u00e9moignage d&rsquo;Antoine confirme l&rsquo;importance de continuer dans cette direction, en formant des \u00e9tudiants qui viennent de zones fragiles et qui peuvent, \u00e0 la fin de leur cursus, apporter une aide concr\u00e8te et efficace \u00e0 leur pays\u00a0\u00bb.<\/p>\n","protected":false},"excerpt":{"rendered":"<p>\u00ab&nbsp;J&rsquo;ai pens\u00e9 que je pouvais \u00eatre utile \u00e0 mon pays gr\u00e2ce aux connaissances que j\u2019ai acquises ici&nbsp;\u00bb dit Antoine Sader, 25 ans. C\u2019est un jeune originaire d&rsquo;Alep qui, depuis septembre 2022, est \u00e9tudiant en informatique \u00e0 l&rsquo;Universit\u00e9 d\u2019Etat de Milan, gr\u00e2ce au programme \u00e9ducatif mis en place par l&rsquo;interm\u00e9diaire du monast\u00e8re de Mar Moussa, des&hellip; <br \/> <a class=\"button small blue\" href=\"https:\/\/chemindesolidarite.ch\/index.php\/2023\/04\/23\/une-application-creee-par-un-etudiant-pour-apporter-de-laide\/\">Lire la suite<\/a><\/p>\n","protected":false},"author":4,"featured_media":0,"comment_status":"closed","ping_status":"closed","sticky":false,"template":"","format":"standard","meta":{"_monsterinsights_skip_tracking":false,"_monsterinsights_sitenote_active":false,"_monsterinsights_sitenote_note":"","_monsterinsights_sitenote_category":0,"footnotes":""},"categories":[4],"tags":[],"class_list":["post-905","post","type-post","status-publish","format-standard","hentry","category-temoignages"],"_links":{"self":[{"href":"https:\/\/chemindesolidarite.ch\/index.php\/wp-json\/wp\/v2\/posts\/905","targetHints":{"allow":["GET"]}}],"collection":[{"href":"https:\/\/chemindesolidarite.ch\/index.php\/wp-json\/wp\/v2\/posts"}],"about":[{"href":"https:\/\/chemindesolidarite.ch\/index.php\/wp-json\/wp\/v2\/types\/post"}],"author":[{"embeddable":true,"href":"https:\/\/chemindesolidarite.ch\/index.php\/wp-json\/wp\/v2\/users\/4"}],"replies":[{"embeddable":true,"href":"https:\/\/chemindesolidarite.ch\/index.php\/wp-json\/wp\/v2\/comments?post=905"}],"version-history":[{"count":4,"href":"https:\/\/chemindesolidarite.ch\/index.php\/wp-json\/wp\/v2\/posts\/905\/revisions"}],"predecessor-version":[{"id":912,"href":"https:\/\/chemindesolidarite.ch\/index.php\/wp-json\/wp\/v2\/posts\/905\/revisions\/912"}],"wp:attachment":[{"href":"https:\/\/chemindesolidarite.ch\/index.php\/wp-json\/wp\/v2\/media?parent=905"}],"wp:term":[{"taxonomy":"category","embeddable":true,"href":"https:\/\/chemindesolidarite.ch\/index.php\/wp-json\/wp\/v2\/categories?post=905"},{"taxonomy":"post_tag","embeddable":true,"href":"https:\/\/chemindesolidarite.ch\/index.php\/wp-json\/wp\/v2\/tags?post=905"}],"curies":[{"name":"wp","href":"https:\/\/api.w.org\/{rel}","templated":true}]}}