{"id":903,"date":"2023-04-18T07:53:00","date_gmt":"2023-04-18T06:53:00","guid":{"rendered":"https:\/\/chemindesolidarite.ch\/?p=903"},"modified":"2023-04-26T07:56:59","modified_gmt":"2023-04-26T06:56:59","slug":"rencontres-stimulantes","status":"publish","type":"post","link":"https:\/\/chemindesolidarite.ch\/index.php\/2023\/04\/18\/rencontres-stimulantes\/","title":{"rendered":"Rencontres stimulantes"},"content":{"rendered":"\n<p>Le Comit\u00e9 de notre Association a eu la chance de vivre 3 rencontres. D\u2019abord avec le P\u00e8re Jihad, prieur de Mar Moussa qui nous a parl\u00e9 de la situation en Syrie, en particulier pour les jeunes. Puis, lors d\u2019une journ\u00e9e de r\u00e9flexion, le Professeur Gaidano de l&rsquo;Universit\u00e9 du Pi\u00e9mont oriental, qui, \u00e0 elle seule, a accueilli d\u00e9j\u00e0 une soixantaine d&rsquo;\u00e9tudiants syriens. Il nous a donn\u00e9 des nouvelles personnelles de plusieurs jeunes que nous soutenons. Et enfin le P\u00e8re Naoras Samour qui nous a inform\u00e9 de la situation \u00e0 Alep apr\u00e8s le terrible tremblement de terre de f\u00e9vrier dernier. Il nous a \u00e9galement transmis une liste de nouveaux \u00e9tudiants potentiels.<\/p>\n\n\n\n<p>Ces trois t\u00e9moignages nous ont malheureusement confirm\u00e9s combien la Syrie a plong\u00e9 encore plus dans l&rsquo;ab\u00eeme de la mis\u00e8re depuis le s\u00e9isme. La plupart des \u00e9tudiants que nous soutenons ou avons soutenus gr\u00e2ce \u00e0 vous en Italie, une fois leur bourse obtenue, sont devenus une source d&rsquo;aide et de survie indispensable pour les familles rest\u00e9es en Syrie.<\/p>\n\n\n\n<p>Depuis ces rencontres, nous sommes encore plus motiv\u00e9s \u00e0 remuer ciel et terre pour continuer notre aide en Syrie et pour la rendre encore plus durable. Accompagn\u00e9s par vous dans la confiance, nous sommes convaincus que notre t\u00e2che est de semer et que ce sera \u00e0 d&rsquo;autres qu&rsquo;incombe la moisson.<\/p>\n\n\n\n<p>Depuis ces rencontres, nous sommes encore plus motiv\u00e9s \u00e0 remuer ciel et terre pour continuer notre aide en Syrie et pour la rendre encore plus durable. Accompagn\u00e9s par vous dans la confiance, nous sommes convaincus que notre t\u00e2che est de semer et que ce sera \u00e0 d&rsquo;autres qu&rsquo;incombe la moisson.<\/p>\n\n\n\n<p>Ces jeunes sont le mod\u00e8le vivant de la charit\u00e9 cr\u00e9ative dont parle le Pape Fran\u00e7ois. Ils sont la semence que vous avez aid\u00e9e \u00e0 semer et qui permettra une riche moisson dans le temps.<\/p>\n\n\n\n<p>C&rsquo;est l&rsquo;histoire des jeunes \u00e9tudiants syriens, mais c&rsquo;est aussi l&rsquo;histoire de tous ceux qui ont soutenu, autant que possible, cette belle aventure qui consiste \u00e0 redonner aux jeunes le droit de r\u00eaver. Et les r\u00eaves des jeunes viennent de Dieu et sont le levain du monde\u00a0: rien n&rsquo;est plus vrai que les r\u00eaves de Dieu.<\/p>\n","protected":false},"excerpt":{"rendered":"<p>Le Comit\u00e9 de notre Association a eu la chance de vivre 3 rencontres. D\u2019abord avec le P\u00e8re Jihad, prieur de Mar Moussa qui nous a parl\u00e9 de la situation en Syrie, en particulier pour les jeunes. Puis, lors d\u2019une journ\u00e9e de r\u00e9flexion, le Professeur Gaidano de l&rsquo;Universit\u00e9 du Pi\u00e9mont oriental, qui, \u00e0 elle seule, a&hellip; <br \/> <a class=\"button small blue\" href=\"https:\/\/chemindesolidarite.ch\/index.php\/2023\/04\/18\/rencontres-stimulantes\/\">Lire la suite<\/a><\/p>\n","protected":false},"author":4,"featured_media":0,"comment_status":"closed","ping_status":"closed","sticky":false,"template":"","format":"standard","meta":{"_monsterinsights_skip_tracking":false,"_monsterinsights_sitenote_active":false,"_monsterinsights_sitenote_note":"","_monsterinsights_sitenote_category":0,"footnotes":""},"categories":[4],"tags":[],"class_list":["post-903","post","type-post","status-publish","format-standard","hentry","category-temoignages"],"_links":{"self":[{"href":"https:\/\/chemindesolidarite.ch\/index.php\/wp-json\/wp\/v2\/posts\/903","targetHints":{"allow":["GET"]}}],"collection":[{"href":"https:\/\/chemindesolidarite.ch\/index.php\/wp-json\/wp\/v2\/posts"}],"about":[{"href":"https:\/\/chemindesolidarite.ch\/index.php\/wp-json\/wp\/v2\/types\/post"}],"author":[{"embeddable":true,"href":"https:\/\/chemindesolidarite.ch\/index.php\/wp-json\/wp\/v2\/users\/4"}],"replies":[{"embeddable":true,"href":"https:\/\/chemindesolidarite.ch\/index.php\/wp-json\/wp\/v2\/comments?post=903"}],"version-history":[{"count":1,"href":"https:\/\/chemindesolidarite.ch\/index.php\/wp-json\/wp\/v2\/posts\/903\/revisions"}],"predecessor-version":[{"id":904,"href":"https:\/\/chemindesolidarite.ch\/index.php\/wp-json\/wp\/v2\/posts\/903\/revisions\/904"}],"wp:attachment":[{"href":"https:\/\/chemindesolidarite.ch\/index.php\/wp-json\/wp\/v2\/media?parent=903"}],"wp:term":[{"taxonomy":"category","embeddable":true,"href":"https:\/\/chemindesolidarite.ch\/index.php\/wp-json\/wp\/v2\/categories?post=903"},{"taxonomy":"post_tag","embeddable":true,"href":"https:\/\/chemindesolidarite.ch\/index.php\/wp-json\/wp\/v2\/tags?post=903"}],"curies":[{"name":"wp","href":"https:\/\/api.w.org\/{rel}","templated":true}]}}