{"id":877,"date":"2022-11-21T16:27:34","date_gmt":"2022-11-21T15:27:34","guid":{"rendered":"https:\/\/chemindesolidarite.ch\/?p=877"},"modified":"2022-11-21T16:27:34","modified_gmt":"2022-11-21T15:27:34","slug":"aide-en-italie","status":"publish","type":"post","link":"https:\/\/chemindesolidarite.ch\/index.php\/2022\/11\/21\/aide-en-italie\/","title":{"rendered":"Aide en Italie"},"content":{"rendered":"\n<p><strong><em>Un ancien \u00e9tudiant&#8230;<\/em><\/strong><\/p>\n\n\n\n<p>Anas A. est arriv\u00e9 en Italie en septembre 2019, nous l\u2019avons aid\u00e9 financi\u00e8rement jusqu\u2019\u00e0 l\u2019obtention d\u2019une bourse en f\u00e9vrier 2020, puis accompagn\u00e9 dans ses \u00e9tudes. En&nbsp;octobre 2022, il nous \u00e9crit&nbsp;:<\/p>\n\n\n\n<p><em>\u00ab&nbsp;Maintenant je suis dipl\u00f4m\u00e9 de l\u2019Universit\u00e9 de Brescia et j\u2019ai obtenu mon master en technologies de la communication et multim\u00e9dia. Je ne sais pas comment vous remercier tous. Merci de m\u2019avoir donn\u00e9 cette opportunit\u00e9, j\u2019appr\u00e9cie sinc\u00e8rement votre aide dans tout ce que vous avez fait pour moi pendant mes \u00e9tudes et je souhaite vous rencontrer tous tr\u00e8s bient\u00f4t.&nbsp;\u00bb<\/em><\/p>\n\n\n\n<p><strong><em>De nouveaux \u00e9tudiants<\/em><\/strong><\/p>\n\n\n\n<p>Nous avons le plaisir de vous annoncer que, avec l&rsquo;aide de la Providence, nous accueillerons cet automne 7 \u00e9tudiants : Ammar, Amjohad, Antoin, Antoine, Johny, Philip Salloum et une \u00e9tudiante&nbsp;: Haya<\/p>\n\n\n\n<p>Ils \u00e9tudieront l&rsquo;ing\u00e9nierie, les technologies biom\u00e9dicales, l&rsquo;informatique, les langues et la litt\u00e9rature dans diverses universit\u00e9s du nord de l&rsquo;Italie et nous sommes en quelque sorte \u00ab habitu\u00e9s \u00bb \u00e0 cela&#8230; m\u00eame si nous ne devrions jamais nous habituer aux dons de Dieu&nbsp;! Une particularit\u00e9 cette ann\u00e9e&nbsp;: un artiste rejoindra notre groupe d&rsquo;\u00e9tudiants. En effet, l\u2019un d\u2019eux -Johny- a \u00e9t\u00e9 admis \u00e0 <em>\u00ab&nbsp;l&rsquo;Accademia di Belle Arti di Brera&nbsp;\u00bb<\/em>, \u00e0 Milan. Cette \u00e9cole fond\u00e9e en 1776 par l&rsquo;imp\u00e9ratrice Marie-Th\u00e9r\u00e8se d&rsquo;Autriche est l&rsquo;une des acad\u00e9mies les plus prestigieuses au monde : tant de noms c\u00e9l\u00e8bres sont pass\u00e9s par Brera, certains en tant qu&rsquo;\u00e9tudiants, d&rsquo;autres en tant que professeurs. Certains sont peut-\u00eatre n\u00e9s \u00ab artistes \u00bb, mais beaucoup sont devenus artistes \u00e0 Brera.<\/p>\n\n\n\n<p>Cette \u00e9cole est tr\u00e8s s\u00e9lective et impose un examen exigeant pour \u00eatre admis, en italien bien s\u00fbr car tous les cours sont donn\u00e9s dans cette langue. C&rsquo;est une grande joie d&rsquo;accompagner Johny et nous sommes heureux de partager avec vous une de ses \u0153uvres et le textes qu&rsquo;il a \u00e9crit, pour nous pr\u00e9parer \u00e0 l&rsquo;Avent.<\/p>\n\n\n\n<div class=\"wp-block-columns is-layout-flex wp-container-core-columns-is-layout-9d6595d7 wp-block-columns-is-layout-flex\">\n<div class=\"wp-block-column is-layout-flow wp-block-column-is-layout-flow\" style=\"flex-basis:66.66%\">\n<p><em>\u00ab&nbsp;Je suis Johny, dipl\u00f4m\u00e9 cette ann\u00e9e de la Facult\u00e9 des beaux-arts de Damas. J&rsquo;ai commenc\u00e9 mon parcours artistique apr\u00e8s avoir bifurqu\u00e9 dans mes \u00e9tudes de l&rsquo;informatique vers les beaux-arts.<\/em><\/p>\n\n\n\n<p><em>Cela a toujours \u00e9t\u00e9 un passe-temps pour moi mais je n&rsquo;avais jamais pens\u00e9 que je pourrais \u00e9tudier l&rsquo;art, mais je l&rsquo;ai fait. J&rsquo;ai appris que l&rsquo;art est quelque chose de diff\u00e9rent, quelque chose qui vous \u00e9l\u00e8ve et quelque chose qui dit ce que vous ne pouvez pas dire.<\/em><\/p>\n\n\n\n<p><em>Je suis un artiste maintenant et tous les artistes r\u00eavent de terminer leurs \u00e9tudes dans le pays de l&rsquo;art, l&rsquo;Italie, et j&rsquo;ai eu cette chance merveilleuse avec l&rsquo;aide de Dieu et de vous.<\/em><\/p>\n\n\n\n<p><em>Je crois que je ferai quelque chose de diff\u00e9rent, parce que le m\u00e9lange de ce que j&rsquo;ai appris en Syrie et de ce que je d\u00e9couvrirai en Italie me conduira \u00e0 de v\u00e9ritables id\u00e9es et \u00e0 des pens\u00e9es qui cr\u00e9eront quelque chose, un art parfait.&nbsp;\u00bb&nbsp;&nbsp;&nbsp;&nbsp;&nbsp;&nbsp;&nbsp;&nbsp;&nbsp;&nbsp;&nbsp;&nbsp;&nbsp;&nbsp; Johny<\/em><\/p>\n<\/div>\n\n\n\n<div class=\"wp-block-column is-layout-flow wp-block-column-is-layout-flow\" style=\"flex-basis:33.33%\">\n<figure class=\"wp-block-image size-full\"><img loading=\"lazy\" decoding=\"async\" width=\"471\" height=\"562\" src=\"https:\/\/chemindesolidarite.ch\/wp-content\/uploads\/2022\/11\/08.jpg\" alt=\"\" class=\"wp-image-880\" srcset=\"https:\/\/chemindesolidarite.ch\/wp-content\/uploads\/2022\/11\/08.jpg 471w, https:\/\/chemindesolidarite.ch\/wp-content\/uploads\/2022\/11\/08-251x300.jpg 251w\" sizes=\"auto, (max-width: 471px) 100vw, 471px\" \/><\/figure>\n<\/div>\n<\/div>\n\n\n\n<p>Nous souhaitons \u00e0 tous nos \u00e9tudiants beaucoup de succ\u00e8s dans leurs \u00e9tudes et esp\u00e9rons que nous pourrons tous ensemble les aider \u00e0 r\u00e9aliser leurs r\u00eaves.<\/p>\n","protected":false},"excerpt":{"rendered":"<p>Un ancien \u00e9tudiant&#8230; Anas A. est arriv\u00e9 en Italie en septembre 2019, nous l\u2019avons aid\u00e9 financi\u00e8rement jusqu\u2019\u00e0 l\u2019obtention d\u2019une bourse en f\u00e9vrier 2020, puis accompagn\u00e9 dans ses \u00e9tudes. En&nbsp;octobre 2022, il nous \u00e9crit&nbsp;: \u00ab&nbsp;Maintenant je suis dipl\u00f4m\u00e9 de l\u2019Universit\u00e9 de Brescia et j\u2019ai obtenu mon master en technologies de la communication et multim\u00e9dia. Je ne&hellip; <br \/> <a class=\"button small blue\" href=\"https:\/\/chemindesolidarite.ch\/index.php\/2022\/11\/21\/aide-en-italie\/\">Lire la suite<\/a><\/p>\n","protected":false},"author":4,"featured_media":0,"comment_status":"closed","ping_status":"closed","sticky":false,"template":"","format":"standard","meta":{"_monsterinsights_skip_tracking":false,"_monsterinsights_sitenote_active":false,"_monsterinsights_sitenote_note":"","_monsterinsights_sitenote_category":0,"footnotes":""},"categories":[6],"tags":[],"class_list":["post-877","post","type-post","status-publish","format-standard","hentry","category-nouvelles"],"_links":{"self":[{"href":"https:\/\/chemindesolidarite.ch\/index.php\/wp-json\/wp\/v2\/posts\/877","targetHints":{"allow":["GET"]}}],"collection":[{"href":"https:\/\/chemindesolidarite.ch\/index.php\/wp-json\/wp\/v2\/posts"}],"about":[{"href":"https:\/\/chemindesolidarite.ch\/index.php\/wp-json\/wp\/v2\/types\/post"}],"author":[{"embeddable":true,"href":"https:\/\/chemindesolidarite.ch\/index.php\/wp-json\/wp\/v2\/users\/4"}],"replies":[{"embeddable":true,"href":"https:\/\/chemindesolidarite.ch\/index.php\/wp-json\/wp\/v2\/comments?post=877"}],"version-history":[{"count":3,"href":"https:\/\/chemindesolidarite.ch\/index.php\/wp-json\/wp\/v2\/posts\/877\/revisions"}],"predecessor-version":[{"id":881,"href":"https:\/\/chemindesolidarite.ch\/index.php\/wp-json\/wp\/v2\/posts\/877\/revisions\/881"}],"wp:attachment":[{"href":"https:\/\/chemindesolidarite.ch\/index.php\/wp-json\/wp\/v2\/media?parent=877"}],"wp:term":[{"taxonomy":"category","embeddable":true,"href":"https:\/\/chemindesolidarite.ch\/index.php\/wp-json\/wp\/v2\/categories?post=877"},{"taxonomy":"post_tag","embeddable":true,"href":"https:\/\/chemindesolidarite.ch\/index.php\/wp-json\/wp\/v2\/tags?post=877"}],"curies":[{"name":"wp","href":"https:\/\/api.w.org\/{rel}","templated":true}]}}