{"id":858,"date":"2022-11-21T08:55:01","date_gmt":"2022-11-21T07:55:01","guid":{"rendered":"https:\/\/chemindesolidarite.ch\/?p=858"},"modified":"2022-11-21T16:21:55","modified_gmt":"2022-11-21T15:21:55","slug":"aide-en-syrie","status":"publish","type":"post","link":"https:\/\/chemindesolidarite.ch\/index.php\/2022\/11\/21\/aide-en-syrie\/","title":{"rendered":"Aide en Syrie"},"content":{"rendered":"\n<p><strong><em>Mini-bourses<\/em><\/strong><\/p>\n\n\n\n<p>Notre Association a mis en place une plateforme d\u2019aide aux \u00e9tudiants en Syrie, en collaboration directe avec le r\u00e9seau des p\u00e8res J\u00e9suites.<\/p>\n\n\n\n<p>A Damas, Alep et Homs, grandes villes universitaires, nous envoyons trimestriellement des montants qui sont allou\u00e9s au soutien mensuel de sept \u00e0 dix \u00e9tudiants. Une aide modeste vue d\u2019ici mais qui est d\u2019une grande utilit\u00e9 pour ces jeunes. Pour les ann\u00e9es scolaires 2021-22 et 2022-23, nous avons engag\u00e9 8\u2019000.- CHF, par ann\u00e9e, permettant des aides mensuelles d\u2019environ 40 $ \u00e0 21 jeunes.<\/p>\n\n\n\n<p>M\u00eame si le pays n\u2019est plus visible dans les m\u00e9dias internationaux, la situation humanitaire en Syrie reste tr\u00e8s difficile. Les gens n\u2019ont plus acc\u00e8s aux services vitaux de base.<\/p>\n\n\n\n<div class=\"wp-block-columns is-layout-flex wp-container-core-columns-is-layout-9d6595d7 wp-block-columns-is-layout-flex\">\n<div class=\"wp-block-column is-layout-flow wp-block-column-is-layout-flow\">\n<figure class=\"wp-block-image size-full is-resized\"><img loading=\"lazy\" decoding=\"async\" src=\"https:\/\/chemindesolidarite.ch\/wp-content\/uploads\/2022\/11\/01-e1669017086849.jpg\" alt=\"\" class=\"wp-image-860\" width=\"260\" height=\"193\"\/><figcaption class=\"wp-element-caption\">\u00c0 Damas, Claude et 2 \u00e9tudiant(e)s<\/figcaption><\/figure>\n<\/div>\n\n\n\n<div class=\"wp-block-column is-layout-flow wp-block-column-is-layout-flow\">\n<figure class=\"wp-block-image size-full\"><img loading=\"lazy\" decoding=\"async\" width=\"347\" height=\"260\" src=\"https:\/\/chemindesolidarite.ch\/wp-content\/uploads\/2022\/11\/02.jpg\" alt=\"\" class=\"wp-image-862\" srcset=\"https:\/\/chemindesolidarite.ch\/wp-content\/uploads\/2022\/11\/02.jpg 347w, https:\/\/chemindesolidarite.ch\/wp-content\/uploads\/2022\/11\/02-300x225.jpg 300w\" sizes=\"auto, (max-width: 347px) 100vw, 347px\" \/><figcaption class=\"wp-element-caption\">\u00c0 Alep, dans la r\u00e9sidence des J\u00e9suites<\/figcaption><\/figure>\n<\/div>\n\n\n\n<div class=\"wp-block-column is-layout-flow wp-block-column-is-layout-flow\">\n<figure class=\"wp-block-image size-full\"><img loading=\"lazy\" decoding=\"async\" width=\"347\" height=\"260\" src=\"https:\/\/chemindesolidarite.ch\/wp-content\/uploads\/2022\/11\/03.jpg\" alt=\"\" class=\"wp-image-863\" srcset=\"https:\/\/chemindesolidarite.ch\/wp-content\/uploads\/2022\/11\/03.jpg 347w, https:\/\/chemindesolidarite.ch\/wp-content\/uploads\/2022\/11\/03-300x225.jpg 300w\" sizes=\"auto, (max-width: 347px) 100vw, 347px\" \/><figcaption class=\"wp-element-caption\">\u00c0 Homs, \u00e0 la r\u00e9sidence des J\u00e9suites<\/figcaption><\/figure>\n<\/div>\n<\/div>\n\n\n\n<p><strong><em>La Maison Alberto Hurtado<\/em><\/strong><\/p>\n\n\n\n<p>La Maison Alberto Hurtado est un centre communautaire j\u00e9suite construit \u00e0 Jaramana dans la banlieue de Damas, dans un quartier populaire abritant actuellement 2,5 millions de personnes de tous horizons. La cr\u00e9ation de cette Maison construite en 2016 a pour objectif d\u2019accueillir des \u00e9tudiants de niveaux scolaire et universitaire en leur offrant gratuitement des locaux chauff\u00e9s avec une connexion internet, souvent inexistante dans les foyers syriens d\u2019aujourd\u2019hui. La Maison se donne comme objectif de donner un avenir en commun en essayant de r\u00e9tablir les liens sociaux dans une soci\u00e9t\u00e9 d\u00e9chir\u00e9e et polaris\u00e9e. Ce b\u00e2timent est con\u00e7u pour accueillir simultan\u00e9ment des activit\u00e9s sociales, artistiques, formatrices et pastorales. Ce centre offre aussi aux jeunes des fournitures scolaires financ\u00e9es partiellement par notre Association. Nous aimerions pouvoir continuer \u00e0 aider la Maison Alberto Hurtado dans l\u2019avenir.<\/p>\n\n\n\n<div class=\"wp-block-columns is-layout-flex wp-container-core-columns-is-layout-9d6595d7 wp-block-columns-is-layout-flex\">\n<div class=\"wp-block-column is-layout-flow wp-block-column-is-layout-flow\">\n<figure class=\"wp-block-image size-full\"><img loading=\"lazy\" decoding=\"async\" width=\"476\" height=\"317\" src=\"https:\/\/chemindesolidarite.ch\/wp-content\/uploads\/2022\/11\/04.jpg\" alt=\"\" class=\"wp-image-866\" srcset=\"https:\/\/chemindesolidarite.ch\/wp-content\/uploads\/2022\/11\/04.jpg 476w, https:\/\/chemindesolidarite.ch\/wp-content\/uploads\/2022\/11\/04-300x200.jpg 300w\" sizes=\"auto, (max-width: 476px) 100vw, 476px\" \/><\/figure>\n<\/div>\n\n\n\n<div class=\"wp-block-column is-layout-flow wp-block-column-is-layout-flow\">\n<figure class=\"wp-block-image size-full\"><img loading=\"lazy\" decoding=\"async\" width=\"476\" height=\"317\" src=\"https:\/\/chemindesolidarite.ch\/wp-content\/uploads\/2022\/11\/05.jpg\" alt=\"\" class=\"wp-image-867\" srcset=\"https:\/\/chemindesolidarite.ch\/wp-content\/uploads\/2022\/11\/05.jpg 476w, https:\/\/chemindesolidarite.ch\/wp-content\/uploads\/2022\/11\/05-300x200.jpg 300w\" sizes=\"auto, (max-width: 476px) 100vw, 476px\" \/><\/figure>\n<\/div>\n<\/div>\n\n\n\n<div class=\"wp-block-columns is-layout-flex wp-container-core-columns-is-layout-9d6595d7 wp-block-columns-is-layout-flex\">\n<div class=\"wp-block-column is-layout-flow wp-block-column-is-layout-flow\">\n<figure class=\"wp-block-image size-full\"><img loading=\"lazy\" decoding=\"async\" width=\"478\" height=\"317\" src=\"https:\/\/chemindesolidarite.ch\/wp-content\/uploads\/2022\/11\/06.jpg\" alt=\"\" class=\"wp-image-874\" srcset=\"https:\/\/chemindesolidarite.ch\/wp-content\/uploads\/2022\/11\/06.jpg 478w, https:\/\/chemindesolidarite.ch\/wp-content\/uploads\/2022\/11\/06-300x199.jpg 300w\" sizes=\"auto, (max-width: 478px) 100vw, 478px\" \/><\/figure>\n<\/div>\n\n\n\n<div class=\"wp-block-column is-layout-flow wp-block-column-is-layout-flow\">\n<figure class=\"wp-block-image size-full\"><img loading=\"lazy\" decoding=\"async\" width=\"476\" height=\"317\" src=\"https:\/\/chemindesolidarite.ch\/wp-content\/uploads\/2022\/11\/07-1.jpg\" alt=\"\" class=\"wp-image-875\" srcset=\"https:\/\/chemindesolidarite.ch\/wp-content\/uploads\/2022\/11\/07-1.jpg 476w, https:\/\/chemindesolidarite.ch\/wp-content\/uploads\/2022\/11\/07-1-300x200.jpg 300w\" sizes=\"auto, (max-width: 476px) 100vw, 476px\" \/><\/figure>\n<\/div>\n<\/div>\n","protected":false},"excerpt":{"rendered":"<p>Mini-bourses Notre Association a mis en place une plateforme d\u2019aide aux \u00e9tudiants en Syrie, en collaboration directe avec le r\u00e9seau des p\u00e8res J\u00e9suites. A Damas, Alep et Homs, grandes villes universitaires, nous envoyons trimestriellement des montants qui sont allou\u00e9s au soutien mensuel de sept \u00e0 dix \u00e9tudiants. Une aide modeste vue d\u2019ici mais qui est&hellip; <br \/> <a class=\"button small blue\" href=\"https:\/\/chemindesolidarite.ch\/index.php\/2022\/11\/21\/aide-en-syrie\/\">Lire la suite<\/a><\/p>\n","protected":false},"author":4,"featured_media":0,"comment_status":"closed","ping_status":"closed","sticky":false,"template":"","format":"standard","meta":{"_monsterinsights_skip_tracking":false,"_monsterinsights_sitenote_active":false,"_monsterinsights_sitenote_note":"","_monsterinsights_sitenote_category":0,"footnotes":""},"categories":[6],"tags":[],"class_list":["post-858","post","type-post","status-publish","format-standard","hentry","category-nouvelles"],"_links":{"self":[{"href":"https:\/\/chemindesolidarite.ch\/index.php\/wp-json\/wp\/v2\/posts\/858","targetHints":{"allow":["GET"]}}],"collection":[{"href":"https:\/\/chemindesolidarite.ch\/index.php\/wp-json\/wp\/v2\/posts"}],"about":[{"href":"https:\/\/chemindesolidarite.ch\/index.php\/wp-json\/wp\/v2\/types\/post"}],"author":[{"embeddable":true,"href":"https:\/\/chemindesolidarite.ch\/index.php\/wp-json\/wp\/v2\/users\/4"}],"replies":[{"embeddable":true,"href":"https:\/\/chemindesolidarite.ch\/index.php\/wp-json\/wp\/v2\/comments?post=858"}],"version-history":[{"count":7,"href":"https:\/\/chemindesolidarite.ch\/index.php\/wp-json\/wp\/v2\/posts\/858\/revisions"}],"predecessor-version":[{"id":876,"href":"https:\/\/chemindesolidarite.ch\/index.php\/wp-json\/wp\/v2\/posts\/858\/revisions\/876"}],"wp:attachment":[{"href":"https:\/\/chemindesolidarite.ch\/index.php\/wp-json\/wp\/v2\/media?parent=858"}],"wp:term":[{"taxonomy":"category","embeddable":true,"href":"https:\/\/chemindesolidarite.ch\/index.php\/wp-json\/wp\/v2\/categories?post=858"},{"taxonomy":"post_tag","embeddable":true,"href":"https:\/\/chemindesolidarite.ch\/index.php\/wp-json\/wp\/v2\/tags?post=858"}],"curies":[{"name":"wp","href":"https:\/\/api.w.org\/{rel}","templated":true}]}}