{"id":851,"date":"2022-11-15T22:53:26","date_gmt":"2022-11-15T21:53:26","guid":{"rendered":"https:\/\/chemindesolidarite.ch\/?p=851"},"modified":"2022-11-21T15:20:35","modified_gmt":"2022-11-21T14:20:35","slug":"histoire-dammar","status":"publish","type":"post","link":"https:\/\/chemindesolidarite.ch\/index.php\/2022\/11\/15\/histoire-dammar\/","title":{"rendered":"Histoire d&rsquo;Ammar"},"content":{"rendered":"\n<p>Chers amis,<\/p>\n\n\n\n<p class=\"has-text-align-left\">Je vous \u00e9cris pour vous pr\u00e9senter l\u2019\u00e9tudiant syrien Ammar Garooge, 24 ans, que vous avez g\u00e9n\u00e9reusement d\u00e9cid\u00e9 d\u2019aider \u00e0 poursuivre ses \u00e9tudes en Italie en \u00ab Ing\u00e9nierie de l\u2019automatisation \u00bb.<\/p>\n\n\n\n<p>Ammar vient d\u2019un petit village de la vall\u00e9e des chr\u00e9tiens dans l\u2019ouest de la Syrie, o\u00f9 la plupart des habitants sont des agriculteurs, y compris mes parents et ses parents. La famille d\u2019Ammar est une famille pauvre et simple.&nbsp; Son p\u00e8re est agriculteur et travaille comme ouvrier quand il y a des travaux \u00e0 faire. Sa maman a disparu (ou est d\u00e9c\u00e9d\u00e9e) depuis quelques ann\u00e9es.&nbsp;<\/p>\n\n\n\n<p>Ammar a \u00e9tudi\u00e9 dans des situations tr\u00e8s difficiles non seulement de pauvret\u00e9, mais aussi de manque de biens et services essentiels, comme l\u2019\u00e9lectricit\u00e9 ou Internet, dans un pays souffrant d\u2019une crise \u00e9conomique qui a rendu le chauffage, par exemple, quasiment inaccessible, sauf pour les riches.&nbsp;<\/p>\n\n\n\n<p>Le manque de ressources \u00e9conomiques n\u2019a pas emp\u00each\u00e9 cet esprit clair de r\u00e9colter un vaste nombre de prix universitaires d\u00e9cern\u00e9s aux bons \u00e9tudiants.<\/p>\n\n\n\n<p>Ammar travaille \u00e9galement comme ouvrier en \u00e9t\u00e9 pour gagner dignement une bouch\u00e9e de pain. Son fr\u00e8re (26\/27 ans) a fait huit ans de service militaire obligatoire. Ammar aurait subi le m\u00eame sort si cette possibilit\u00e9 d\u2019\u00e9tudier en Italie ne s&rsquo;\u00e9tait pas ouverte. Quel avenir est-il possible de construire apr\u00e8s avoir pass\u00e9 les meilleures ann\u00e9es de vie comme \u00e7a ?<\/p>\n\n\n\n<p>Ammar est un gar\u00e7on qui a grandi en paroisse, situ\u00e9e \u00e0 moins de 200 m\u00e8tres de chez lui. Au cours de la premi\u00e8re ann\u00e9e de la pand\u00e9mie de covid-19, il s\u2019\u00e9tait organis\u00e9 avec un groupe de gar\u00e7ons de la paroisse pour aider les patients du coronavirus, apportant des bonbonnes d\u2019oxyg\u00e8ne dans les maisons car tout le monde ne pouvait pas \u00eatre admis \u00e0 l\u2019h\u00f4pital. Ils avaient mis de c\u00f4t\u00e9 une douzaine de bonbonnes industrielles, faites pour les forgerons et donc lourdes et encombrantes ; ils se sont renseign\u00e9s sur comment les utiliser, comment les entretenir et comment les r\u00e9parer. Quand il y avait un besoin, ils les ont emmen\u00e9es dans les maisons, les transportant dans les escaliers et les ont livr\u00e9es jusqu&rsquo;au lit des malades. Ils remplissaient aussit\u00f4t les bonbonnes vides afin que ceux qui en avaient besoin ne manquent pas d\u2019oxyg\u00e8ne. Le groupe a \u00e9galement fourni des m\u00e9dicaments, des soins de nuit ou tout autre type d\u2019aide qu\u2019ils pouvaient offrir, selon les besoins, aux malades ou aux membres de la famille de ces derniers.<\/p>\n\n\n\n<p><\/p>\n\n\n\n<p class=\"has-text-align-right\">&nbsp;&nbsp;&nbsp;&nbsp;&nbsp;&nbsp;&nbsp;&nbsp;&nbsp;&nbsp;&nbsp;&nbsp;&nbsp;P\u00e8re Jiahd Youssef,<br>Prieur de la communaut\u00e9 de Mar Musa.<\/p>\n","protected":false},"excerpt":{"rendered":"<p>Chers amis, Je vous \u00e9cris pour vous pr\u00e9senter l\u2019\u00e9tudiant syrien Ammar Garooge, 24 ans, que vous avez g\u00e9n\u00e9reusement d\u00e9cid\u00e9 d\u2019aider \u00e0 poursuivre ses \u00e9tudes en Italie en \u00ab Ing\u00e9nierie de l\u2019automatisation \u00bb. Ammar vient d\u2019un petit village de la vall\u00e9e des chr\u00e9tiens dans l\u2019ouest de la Syrie, o\u00f9 la plupart des habitants sont des agriculteurs,&hellip; <br \/> <a class=\"button small blue\" href=\"https:\/\/chemindesolidarite.ch\/index.php\/2022\/11\/15\/histoire-dammar\/\">Lire la suite<\/a><\/p>\n","protected":false},"author":4,"featured_media":0,"comment_status":"closed","ping_status":"closed","sticky":false,"template":"","format":"standard","meta":{"_monsterinsights_skip_tracking":false,"_monsterinsights_sitenote_active":false,"_monsterinsights_sitenote_note":"","_monsterinsights_sitenote_category":0,"footnotes":""},"categories":[4],"tags":[],"class_list":["post-851","post","type-post","status-publish","format-standard","hentry","category-temoignages"],"_links":{"self":[{"href":"https:\/\/chemindesolidarite.ch\/index.php\/wp-json\/wp\/v2\/posts\/851","targetHints":{"allow":["GET"]}}],"collection":[{"href":"https:\/\/chemindesolidarite.ch\/index.php\/wp-json\/wp\/v2\/posts"}],"about":[{"href":"https:\/\/chemindesolidarite.ch\/index.php\/wp-json\/wp\/v2\/types\/post"}],"author":[{"embeddable":true,"href":"https:\/\/chemindesolidarite.ch\/index.php\/wp-json\/wp\/v2\/users\/4"}],"replies":[{"embeddable":true,"href":"https:\/\/chemindesolidarite.ch\/index.php\/wp-json\/wp\/v2\/comments?post=851"}],"version-history":[{"count":2,"href":"https:\/\/chemindesolidarite.ch\/index.php\/wp-json\/wp\/v2\/posts\/851\/revisions"}],"predecessor-version":[{"id":853,"href":"https:\/\/chemindesolidarite.ch\/index.php\/wp-json\/wp\/v2\/posts\/851\/revisions\/853"}],"wp:attachment":[{"href":"https:\/\/chemindesolidarite.ch\/index.php\/wp-json\/wp\/v2\/media?parent=851"}],"wp:term":[{"taxonomy":"category","embeddable":true,"href":"https:\/\/chemindesolidarite.ch\/index.php\/wp-json\/wp\/v2\/categories?post=851"},{"taxonomy":"post_tag","embeddable":true,"href":"https:\/\/chemindesolidarite.ch\/index.php\/wp-json\/wp\/v2\/tags?post=851"}],"curies":[{"name":"wp","href":"https:\/\/api.w.org\/{rel}","templated":true}]}}