{"id":728,"date":"2021-02-21T17:38:00","date_gmt":"2021-02-21T16:38:00","guid":{"rendered":"https:\/\/chemindesolidarite.ch\/?p=728"},"modified":"2021-03-26T17:41:56","modified_gmt":"2021-03-26T16:41:56","slug":"un-vaste-reseau-autour-de-nous-2","status":"publish","type":"post","link":"https:\/\/chemindesolidarite.ch\/index.php\/2021\/02\/21\/un-vaste-reseau-autour-de-nous-2\/","title":{"rendered":"Un vaste r\u00e9seau autour de nous"},"content":{"rendered":"\n<p>Le CSCO s\u2019est constitu\u00e9 \u00e0 Gen\u00e8ve pour ouvrir un canal d\u2019accueil l\u00e9gal pour des \u00e9tudiants majeurs, en provenance de Syrie et d\u2019autres pays de la r\u00e9gion th\u00e9\u00e2tre de violence, afin qu\u2019ils puissent poursuivre leurs \u00e9tudes universitaires. Comme ce projet n\u2019a pas pu \u00eatre r\u00e9alis\u00e9 en Suisse, c\u2019est en Italie qu\u2019il se concr\u00e9tise.<\/p>\n\n\n\n<p>Ce projet n\u00e9cessite <b>un vaste r\u00e9seau de solidarit\u00e9<\/b> regroupant des organismes et des personnes pr\u00e9sentes sur divers terrains:<\/p>\n\n\n\n<ul class=\"wp-block-list\"><li>La <b>Communaut\u00e9 de Mar Moussa<\/b> avec le P\u00e8re Jacques Mourad et S\u0153ur Deema;<\/li><li>Les <b>P\u00e8res j\u00e9suites<\/b> bas\u00e9s en Syrie, \u00ab Jesuit Refugee Service \u00bb avec le P\u00e8re Naoras Sammour;<\/li><li>Des <b>responsables des universit\u00e9s italiennes<\/b> qui accueillent les \u00e9tudiants dans les diff\u00e9rentes villes;<\/li><li>Les <b>familles ou les institutions<\/b> qui leur offrent l\u2019hospitalit\u00e9;<\/li><li>Les membres du Comit\u00e9 du CSCO en Suisse romande;<\/li><\/ul>\n\n\n\n<p>tous tr\u00e8s engag\u00e9s dans le soutien et l\u2019accueil des \u00e9tudiants syriens en Europe. Et bien s\u00fbr <b>les \u00e9tudiants eux-m\u00eames<\/b> qui s\u2019accompagnent et se soutiennent beaucoup, \u00e0 travers les diff\u00e9rentes vol\u00e9es.<\/p>\n\n\n\n<p>Le 6 d\u00e9cembre dernier, ce r\u00e9seau s\u2019est r\u00e9uni en visioconf\u00e9rence, pour la premi\u00e8re fois. Pour la circonstance, le P\u00e8re Jacques Mourad, ainsi que S\u0153ur Deema de la communaut\u00e9 de Mar Moussa en Syrie, tr\u00e8s engag\u00e9s dans le soutien et l\u2019accueil des \u00e9tudiants syriens en Europe, \u00e9taient avec nous.<\/p>\n\n\n\n<p>C\u2019est <b>un \u00e9cran de visages souriants<\/b> qui a pris forme devant les yeux des participants. La plupart ne s\u2019\u00e9taient jamais rencontr\u00e9s. Pourtant, \u00ab\u2009nous sommes une famille, fille de la Providence\u2009\u00bb, a d\u2019embl\u00e9e affirm\u00e9 Raffaella Balocco du CSCO, parmi les organisateurs de la rencontre avec Lama Aleid, pr\u00e9sidente du CSCO.<\/p>\n\n\n\n<figure class=\"wp-block-image\"><img decoding=\"async\" src=\"http:\/\/chemindesolidarite.ch\/wp-content\/uploads\/2021\/02\/Nouvelles-CSC0-No5-Fevrier-2021-1024x319.jpg\" alt=\"L\u2019attribut alt de cette image est vide, son nom de fichier est Nouvelles-CSC0-No5-Fevrier-2021-1024x319.jpg.\"\/><\/figure>\n\n\n\n<p><strong>T\u00e9l\u00e9charger le PDF des nouvelles de Fevrier 2021<\/strong><\/p>\n\n\n\n<div class=\"wp-block-file\"><a href=\"http:\/\/chemindesolidarite.ch\/wp-content\/uploads\/2021\/02\/Nouvelles-CSC0-No5-Fevrier-2021.pdf\">Nouvelles CSC0 No 5 F\u00e9vrier 2021<\/a><a href=\"http:\/\/chemindesolidarite.ch\/wp-content\/uploads\/2021\/02\/Nouvelles-CSC0-No5-Fevrier-2021.pdf\" class=\"wp-block-file__button\" download>T\u00e9l\u00e9charger<\/a><\/div>\n\n\n\n<p><\/p>\n","protected":false},"excerpt":{"rendered":"<p>Le CSCO s\u2019est constitu\u00e9 \u00e0 Gen\u00e8ve pour ouvrir un canal d\u2019accueil l\u00e9gal pour des \u00e9tudiants majeurs, en provenance de Syrie et d\u2019autres pays de la r\u00e9gion th\u00e9\u00e2tre de violence, afin qu\u2019ils puissent poursuivre leurs \u00e9tudes universitaires. Comme ce projet n\u2019a pas pu \u00eatre r\u00e9alis\u00e9 en Suisse, c\u2019est en Italie qu\u2019il se concr\u00e9tise. Ce projet n\u00e9cessite&hellip; <br \/> <a class=\"button small blue\" href=\"https:\/\/chemindesolidarite.ch\/index.php\/2021\/02\/21\/un-vaste-reseau-autour-de-nous-2\/\">Lire la suite<\/a><\/p>\n","protected":false},"author":1,"featured_media":0,"comment_status":"closed","ping_status":"closed","sticky":false,"template":"","format":"standard","meta":{"_monsterinsights_skip_tracking":false,"_monsterinsights_sitenote_active":false,"_monsterinsights_sitenote_note":"","_monsterinsights_sitenote_category":0,"footnotes":""},"categories":[6],"tags":[],"class_list":["post-728","post","type-post","status-publish","format-standard","hentry","category-nouvelles"],"_links":{"self":[{"href":"https:\/\/chemindesolidarite.ch\/index.php\/wp-json\/wp\/v2\/posts\/728","targetHints":{"allow":["GET"]}}],"collection":[{"href":"https:\/\/chemindesolidarite.ch\/index.php\/wp-json\/wp\/v2\/posts"}],"about":[{"href":"https:\/\/chemindesolidarite.ch\/index.php\/wp-json\/wp\/v2\/types\/post"}],"author":[{"embeddable":true,"href":"https:\/\/chemindesolidarite.ch\/index.php\/wp-json\/wp\/v2\/users\/1"}],"replies":[{"embeddable":true,"href":"https:\/\/chemindesolidarite.ch\/index.php\/wp-json\/wp\/v2\/comments?post=728"}],"version-history":[{"count":1,"href":"https:\/\/chemindesolidarite.ch\/index.php\/wp-json\/wp\/v2\/posts\/728\/revisions"}],"predecessor-version":[{"id":730,"href":"https:\/\/chemindesolidarite.ch\/index.php\/wp-json\/wp\/v2\/posts\/728\/revisions\/730"}],"wp:attachment":[{"href":"https:\/\/chemindesolidarite.ch\/index.php\/wp-json\/wp\/v2\/media?parent=728"}],"wp:term":[{"taxonomy":"category","embeddable":true,"href":"https:\/\/chemindesolidarite.ch\/index.php\/wp-json\/wp\/v2\/categories?post=728"},{"taxonomy":"post_tag","embeddable":true,"href":"https:\/\/chemindesolidarite.ch\/index.php\/wp-json\/wp\/v2\/tags?post=728"}],"curies":[{"name":"wp","href":"https:\/\/api.w.org\/{rel}","templated":true}]}}