{"id":723,"date":"2021-02-24T17:35:00","date_gmt":"2021-02-24T16:35:00","guid":{"rendered":"https:\/\/chemindesolidarite.ch\/?p=723"},"modified":"2021-03-26T17:37:05","modified_gmt":"2021-03-26T16:37:05","slug":"retraite-de-lavent-en-reseau-2","status":"publish","type":"post","link":"https:\/\/chemindesolidarite.ch\/index.php\/2021\/02\/24\/retraite-de-lavent-en-reseau-2\/","title":{"rendered":"Retraite de l\u2019Avent en r\u00e9seau"},"content":{"rendered":"\n<p>C\u2019est une rencontre bien particuli\u00e8re qui a r\u00e9uni une centaine de personnes le 6 d\u00e9cembre dernier, non parce qu\u2019elle s\u2019est d\u00e9roul\u00e9e en visioconf\u00e9rence, ni \u00e0 cause du fait que les participants se trouvaient dans des lieux distants de plusieurs centaines de kilom\u00e8tres les uns des autres.<br>En cette p\u00e9riode de pand\u00e9mie, de telles rencontres appartiennent \u00e0 la routine! La singularit\u00e9 de l\u2019\u00e9v\u00e9nement est le regroupement, en ce jour de la Saint-Nicolas, d\u2019\u00e9tudiants syriens, arriv\u00e9s en Italie pour poursuivre leurs \u00e9tudes universitaires, de professeurs et doyens, des familles d\u2019accueil, les membres du Comit\u00e9 de l\u2019Association Chemin de Solidarit\u00e9 avec les Chr\u00e9tiens d\u2019Orient (CSCO) de Gen\u00e8ve et d\u2019autres amis. Connect\u00e9s depuis Milan, Brescia, Novara, G\u00eanes, Cagliari et Gen\u00e8ve pour partager ensemble la joie du No\u00ebl \u00e0 venir et la saveur de l\u2019aventure qui les unit : la solidarit\u00e9 et l\u2019\u00e9change.<\/p>\n\n\n\n<p><strong>T\u00e9l\u00e9charger le PDF des nouvelles de Fevrier 2021<\/strong><\/p>\n\n\n\n<div class=\"wp-block-file\"><a href=\"http:\/\/chemindesolidarite.ch\/wp-content\/uploads\/2021\/02\/Nouvelles-CSC0-No5-Fevrier-2021.pdf\">Nouvelles CSC0 No 5 F\u00e9vrier 2021<\/a><a href=\"http:\/\/chemindesolidarite.ch\/wp-content\/uploads\/2021\/02\/Nouvelles-CSC0-No5-Fevrier-2021.pdf\" class=\"wp-block-file__button\" download>T\u00e9l\u00e9charger<\/a><\/div>\n\n\n\n<p><\/p>\n","protected":false},"excerpt":{"rendered":"<p>C\u2019est une rencontre bien particuli\u00e8re qui a r\u00e9uni une centaine de personnes le 6 d\u00e9cembre dernier, non parce qu\u2019elle s\u2019est d\u00e9roul\u00e9e en visioconf\u00e9rence, ni \u00e0 cause du fait que les participants se trouvaient dans des lieux distants de plusieurs centaines de kilom\u00e8tres les uns des autres.En cette p\u00e9riode de pand\u00e9mie, de telles rencontres appartiennent \u00e0&hellip; <br \/> <a class=\"button small blue\" href=\"https:\/\/chemindesolidarite.ch\/index.php\/2021\/02\/24\/retraite-de-lavent-en-reseau-2\/\">Lire la suite<\/a><\/p>\n","protected":false},"author":1,"featured_media":0,"comment_status":"closed","ping_status":"closed","sticky":false,"template":"","format":"standard","meta":{"_monsterinsights_skip_tracking":false,"_monsterinsights_sitenote_active":false,"_monsterinsights_sitenote_note":"","_monsterinsights_sitenote_category":0,"footnotes":""},"categories":[6],"tags":[],"class_list":["post-723","post","type-post","status-publish","format-standard","hentry","category-nouvelles"],"_links":{"self":[{"href":"https:\/\/chemindesolidarite.ch\/index.php\/wp-json\/wp\/v2\/posts\/723","targetHints":{"allow":["GET"]}}],"collection":[{"href":"https:\/\/chemindesolidarite.ch\/index.php\/wp-json\/wp\/v2\/posts"}],"about":[{"href":"https:\/\/chemindesolidarite.ch\/index.php\/wp-json\/wp\/v2\/types\/post"}],"author":[{"embeddable":true,"href":"https:\/\/chemindesolidarite.ch\/index.php\/wp-json\/wp\/v2\/users\/1"}],"replies":[{"embeddable":true,"href":"https:\/\/chemindesolidarite.ch\/index.php\/wp-json\/wp\/v2\/comments?post=723"}],"version-history":[{"count":2,"href":"https:\/\/chemindesolidarite.ch\/index.php\/wp-json\/wp\/v2\/posts\/723\/revisions"}],"predecessor-version":[{"id":725,"href":"https:\/\/chemindesolidarite.ch\/index.php\/wp-json\/wp\/v2\/posts\/723\/revisions\/725"}],"wp:attachment":[{"href":"https:\/\/chemindesolidarite.ch\/index.php\/wp-json\/wp\/v2\/media?parent=723"}],"wp:term":[{"taxonomy":"category","embeddable":true,"href":"https:\/\/chemindesolidarite.ch\/index.php\/wp-json\/wp\/v2\/categories?post=723"},{"taxonomy":"post_tag","embeddable":true,"href":"https:\/\/chemindesolidarite.ch\/index.php\/wp-json\/wp\/v2\/tags?post=723"}],"curies":[{"name":"wp","href":"https:\/\/api.w.org\/{rel}","templated":true}]}}