{"id":649,"date":"2020-04-03T15:27:39","date_gmt":"2020-04-03T14:27:39","guid":{"rendered":"http:\/\/test.chemindesolidarite.ch\/?p=649"},"modified":"2020-12-10T15:56:52","modified_gmt":"2020-12-10T14:56:52","slug":"le-pardon-un-chemin-de-reconciliation-et-de-paix","status":"publish","type":"post","link":"https:\/\/chemindesolidarite.ch\/index.php\/2020\/04\/03\/le-pardon-un-chemin-de-reconciliation-et-de-paix\/","title":{"rendered":"\u00ab Le pardon : un chemin de r\u00e9conciliation et de paix \u00bb"},"content":{"rendered":"\n<p>Vous trouverez <a href=\"https:\/\/www.eglisecatholique-ge.ch\/actualites\/jacques-mourad-et-les-merveilles-du-pardon\/\">ici un article du \u00ab Courrier Pastoral \u00bb<\/a> sur la conf\u00e9rence donn\u00e9e par le P\u00e8re Jacques Mourad lors de notre Assembl\u00e9e G\u00e9n\u00e9rale.<br>En voici quelques phrases cl\u00e9s.<\/p>\n\n\n\n<ul class=\"wp-block-list\"><li>Il faut d\u00e9couvrir notre force de mis\u00e9ricorde. Notre capacit\u00e9 de pardonner comme fondement de notre humanit\u00e9.<\/li><li>Le voisin est un tr\u00e9sor pour les syriens chr\u00e9tiens. \u00ab&nbsp;Fr\u00e8res et s\u0153urs&nbsp;\u00bb fait partie de notre culture, de notre mentalit\u00e9.<\/li><li>Je crois que la pri\u00e8re est capable de tout changer, \u00e0 condition de la vivre.<\/li><li>La religion c\u2019est ce qui est commun. La foi c\u2019est personnel, au-del\u00e0 de la religion. C\u2019est la gr\u00e2ce de Dieu pour chacune et chacun.<\/li><\/ul>\n","protected":false},"excerpt":{"rendered":"<p>Vous trouverez ici un article du \u00ab Courrier Pastoral \u00bb sur la conf\u00e9rence donn\u00e9e par le P\u00e8re Jacques Mourad lors de notre Assembl\u00e9e G\u00e9n\u00e9rale.En voici quelques phrases cl\u00e9s. Il faut d\u00e9couvrir notre force de mis\u00e9ricorde. Notre capacit\u00e9 de pardonner comme fondement de notre humanit\u00e9. Le voisin est un tr\u00e9sor pour les syriens chr\u00e9tiens. \u00ab&nbsp;Fr\u00e8res et&hellip; <br \/> <a class=\"button small blue\" href=\"https:\/\/chemindesolidarite.ch\/index.php\/2020\/04\/03\/le-pardon-un-chemin-de-reconciliation-et-de-paix\/\">Lire la suite<\/a><\/p>\n","protected":false},"author":1,"featured_media":0,"comment_status":"closed","ping_status":"closed","sticky":false,"template":"","format":"standard","meta":{"_monsterinsights_skip_tracking":false,"_monsterinsights_sitenote_active":false,"_monsterinsights_sitenote_note":"","_monsterinsights_sitenote_category":0,"footnotes":""},"categories":[6],"tags":[],"class_list":["post-649","post","type-post","status-publish","format-standard","hentry","category-nouvelles"],"_links":{"self":[{"href":"https:\/\/chemindesolidarite.ch\/index.php\/wp-json\/wp\/v2\/posts\/649","targetHints":{"allow":["GET"]}}],"collection":[{"href":"https:\/\/chemindesolidarite.ch\/index.php\/wp-json\/wp\/v2\/posts"}],"about":[{"href":"https:\/\/chemindesolidarite.ch\/index.php\/wp-json\/wp\/v2\/types\/post"}],"author":[{"embeddable":true,"href":"https:\/\/chemindesolidarite.ch\/index.php\/wp-json\/wp\/v2\/users\/1"}],"replies":[{"embeddable":true,"href":"https:\/\/chemindesolidarite.ch\/index.php\/wp-json\/wp\/v2\/comments?post=649"}],"version-history":[{"count":1,"href":"https:\/\/chemindesolidarite.ch\/index.php\/wp-json\/wp\/v2\/posts\/649\/revisions"}],"predecessor-version":[{"id":650,"href":"https:\/\/chemindesolidarite.ch\/index.php\/wp-json\/wp\/v2\/posts\/649\/revisions\/650"}],"wp:attachment":[{"href":"https:\/\/chemindesolidarite.ch\/index.php\/wp-json\/wp\/v2\/media?parent=649"}],"wp:term":[{"taxonomy":"category","embeddable":true,"href":"https:\/\/chemindesolidarite.ch\/index.php\/wp-json\/wp\/v2\/categories?post=649"},{"taxonomy":"post_tag","embeddable":true,"href":"https:\/\/chemindesolidarite.ch\/index.php\/wp-json\/wp\/v2\/tags?post=649"}],"curies":[{"name":"wp","href":"https:\/\/api.w.org\/{rel}","templated":true}]}}