{"id":647,"date":"2020-04-10T15:24:07","date_gmt":"2020-04-10T14:24:07","guid":{"rendered":"http:\/\/test.chemindesolidarite.ch\/?p=647"},"modified":"2020-12-10T15:59:15","modified_gmt":"2020-12-10T14:59:15","slug":"les-points-forts-de-lassemblee-generale","status":"publish","type":"post","link":"https:\/\/chemindesolidarite.ch\/index.php\/2020\/04\/10\/les-points-forts-de-lassemblee-generale\/","title":{"rendered":"Les points forts de l\u2019Assembl\u00e9e G\u00e9n\u00e9rale"},"content":{"rendered":"\n<ul class=\"wp-block-list\"><li>Le nombre de membres de notre association est de 46 personnes lors de cet AG (17 en 2018, 35 en 2019). Une vingtaine sont pr\u00e9sents, ainsi qu\u2019une dizaine de personnes int\u00e9ress\u00e9es.Mais seulement 34 membres ont pay\u00e9 leur cotisation\u2026 c\u2019est un probl\u00e8me \u00e0 reprendre par le Comit\u00e9.<\/li><li>Le Comit\u00e9 ne compte plus que 7 membres. La Pr\u00e9sidente lance un appel pour le compl\u00e9ter : Des personnes comp\u00e9tentes pour aider \u00e0 la communication, \u00e0 la gestion du site web, au graphisme, et \u00e0 la recherche de fonds seraient particuli\u00e8rement bienvenues.<\/li><li>Pour l\u2019ann\u00e9e acad\u00e9mique 2019-2020, ce sont 11 \u00e9tudiant(e)s qui b\u00e9n\u00e9ficient de l\u2019appui de l\u2019Association. Nous esp\u00e9ronspouvoir accueillir 5-6 nouveaux \u00e9tudiant(e)s \u00e0 l\u2019automne 2020.<\/li><li>Notre capital au 31 d\u00e9cembre est de 29\u2019313.63 francs. Le but n\u2019est pas d\u2019augmenter ce capital, mais c\u2019est notre volant de man\u0153uvre\u2026 il garantit les 27\u2019000.- francs de d\u00e9penses dubudget 2020\u2026 en esp\u00e9rant que les dons couvriront ce montant,ce qui nous permettrait de garantir en 2021 les m\u00eames aides aux nouveaux \u00e9tudiants.<\/li><\/ul>\n","protected":false},"excerpt":{"rendered":"<p>Le nombre de membres de notre association est de 46 personnes lors de cet AG (17 en 2018, 35 en 2019). Une vingtaine sont pr\u00e9sents, ainsi qu\u2019une dizaine de personnes int\u00e9ress\u00e9es.Mais seulement 34 membres ont pay\u00e9 leur cotisation\u2026 c\u2019est un probl\u00e8me \u00e0 reprendre par le Comit\u00e9. Le Comit\u00e9 ne compte plus que 7 membres. La&hellip; <br \/> <a class=\"button small blue\" href=\"https:\/\/chemindesolidarite.ch\/index.php\/2020\/04\/10\/les-points-forts-de-lassemblee-generale\/\">Lire la suite<\/a><\/p>\n","protected":false},"author":1,"featured_media":0,"comment_status":"closed","ping_status":"closed","sticky":false,"template":"","format":"standard","meta":{"_monsterinsights_skip_tracking":false,"_monsterinsights_sitenote_active":false,"_monsterinsights_sitenote_note":"","_monsterinsights_sitenote_category":0,"footnotes":""},"categories":[6],"tags":[],"class_list":["post-647","post","type-post","status-publish","format-standard","hentry","category-nouvelles"],"_links":{"self":[{"href":"https:\/\/chemindesolidarite.ch\/index.php\/wp-json\/wp\/v2\/posts\/647","targetHints":{"allow":["GET"]}}],"collection":[{"href":"https:\/\/chemindesolidarite.ch\/index.php\/wp-json\/wp\/v2\/posts"}],"about":[{"href":"https:\/\/chemindesolidarite.ch\/index.php\/wp-json\/wp\/v2\/types\/post"}],"author":[{"embeddable":true,"href":"https:\/\/chemindesolidarite.ch\/index.php\/wp-json\/wp\/v2\/users\/1"}],"replies":[{"embeddable":true,"href":"https:\/\/chemindesolidarite.ch\/index.php\/wp-json\/wp\/v2\/comments?post=647"}],"version-history":[{"count":1,"href":"https:\/\/chemindesolidarite.ch\/index.php\/wp-json\/wp\/v2\/posts\/647\/revisions"}],"predecessor-version":[{"id":648,"href":"https:\/\/chemindesolidarite.ch\/index.php\/wp-json\/wp\/v2\/posts\/647\/revisions\/648"}],"wp:attachment":[{"href":"https:\/\/chemindesolidarite.ch\/index.php\/wp-json\/wp\/v2\/media?parent=647"}],"wp:term":[{"taxonomy":"category","embeddable":true,"href":"https:\/\/chemindesolidarite.ch\/index.php\/wp-json\/wp\/v2\/categories?post=647"},{"taxonomy":"post_tag","embeddable":true,"href":"https:\/\/chemindesolidarite.ch\/index.php\/wp-json\/wp\/v2\/tags?post=647"}],"curies":[{"name":"wp","href":"https:\/\/api.w.org\/{rel}","templated":true}]}}