{"id":642,"date":"2020-11-05T13:59:00","date_gmt":"2020-11-05T12:59:00","guid":{"rendered":"http:\/\/test.chemindesolidarite.ch\/?p=642"},"modified":"2021-01-04T10:51:14","modified_gmt":"2021-01-04T09:51:14","slug":"sur-le-terrain","status":"publish","type":"post","link":"https:\/\/chemindesolidarite.ch\/index.php\/2020\/11\/05\/sur-le-terrain\/","title":{"rendered":"Sur le terrain"},"content":{"rendered":"\n<p><strong><em>Cette ann\u00e9e, gr\u00e2ce \u00e0 vous, nous pouvons aider deux actions sur le terrain&nbsp;:<\/em><\/strong><\/p>\n\n\n\n<ul class=\"wp-block-list\"><li><strong><em>Le jardin d\u2019enfants du couvent de Mar Moussa \u00e0 Al&nbsp;Nabek en Syrie.<\/em><\/strong><\/li><li><strong><em>Relief and Reconciliation \u2013 Suisse\u2026<\/em><\/strong><\/li><\/ul>\n\n\n\n<p>\u2026 dont voici une br\u00e8ve pr\u00e9sentation&nbsp;:<\/p>\n\n\n\n<p>Akkar, r\u00e9gion recul\u00e9e du nord Liban, \u00e0 la fronti\u00e8re syrienne. Ici faire pousser des l\u00e9gumes, r\u00e9parer des vieilles voitures ou construire des maisons pour la popu\u00adlation syrienne \u2013 venue massivement il y a quelques ann\u00e9es se r\u00e9fugier fuyant leur pays d\u00e9cim\u00e9 par la guerre \u2013 sont pour beaucoup les seules opportunit\u00e9s de travail. Les jeunes r\u00e9fugi\u00e9s sont eux vuln\u00e9rables car laiss\u00e9s \u00e0 eux-m\u00eames, vivant dans des camps de fortune. Ils n\u2019ont parfois pas d\u2019autres choix que de mendier ou travailler pour aider leurs familles \u00e0 joindre les deux bouts.<\/p>\n\n\n\n<p><strong>Relief and Reconciliation<\/strong><strong>,<\/strong>&nbsp;petite ONG \u00ab&nbsp;\u00e0 taille humaine&nbsp;\u00bb, s\u2019efforce depuis 8 ans \u00e0 venir en aide aux enfants qui se comptent par dizaine de milliers dans et autour de la ville de Halba.<\/p>\n\n\n\n<div class=\"wp-block-image\"><figure class=\"aligncenter size-large\"><img loading=\"lazy\" decoding=\"async\" width=\"219\" height=\"141\" src=\"http:\/\/chemindesolidarite.ch\/wp-content\/uploads\/2020\/11\/2020-nov-1.png\" alt=\"\" class=\"wp-image-550\"\/><\/figure><\/div>\n\n\n\n<p><strong>R&amp;R<\/strong>&nbsp;met en place de l\u2019aide aux devoirs, de la formation pour adultes et des activit\u00e9s r\u00e9cr\u00e9atives.<\/p>\n\n\n\n<p>Ces activit\u00e9s donnent non seulement une lueur d\u2019espoir aux participants, mais repr\u00e9sentent surtout un v\u00e9ritable ciment social pour les communaut\u00e9s aid\u00e9es. Micha\u00ebl Curti, Pr\u00e9sident de R&amp;R Suisse<\/p>\n\n\n\n<div class=\"wp-block-image\"><figure class=\"aligncenter size-large\"><img loading=\"lazy\" decoding=\"async\" width=\"446\" height=\"298\" src=\"http:\/\/chemindesolidarite.ch\/wp-content\/uploads\/2020\/11\/2020-nov-2.png\" alt=\"\" class=\"wp-image-552\" srcset=\"https:\/\/chemindesolidarite.ch\/wp-content\/uploads\/2020\/11\/2020-nov-2.png 446w, https:\/\/chemindesolidarite.ch\/wp-content\/uploads\/2020\/11\/2020-nov-2-300x200.png 300w\" sizes=\"auto, (max-width: 446px) 100vw, 446px\" \/><\/figure><\/div>\n\n\n\n<p><strong><em>Un exemple<\/em><\/strong><\/p>\n\n\n\n<p>Trois chorales au Liban chantent un chant proven\u00e7al de Nicolas Saboly, adapt\u00e9 en fran\u00e7ais moderne et accompagn\u00e9 par l&rsquo;OPJP, l&rsquo;orchestre \u00e0 percussion de Percuvision Gen\u00e8ve.Une rencontre interculturelle autour de No\u00ebl.<\/p>\n\n\n\n<figure class=\"wp-block-embed-youtube aligncenter wp-block-embed is-type-video is-provider-youtube wp-embed-aspect-16-9 wp-has-aspect-ratio\" style=\"width:600px;\"><div class=\"wp-block-embed__wrapper\">\n<iframe loading=\"lazy\" title=\"Bergers Des Montagnes\" width=\"1778\" height=\"1000\" src=\"https:\/\/www.youtube.com\/embed\/wNdze0JkPOs?feature=oembed\" frameborder=\"0\" allow=\"accelerometer; autoplay; clipboard-write; encrypted-media; gyroscope; picture-in-picture\" allowfullscreen><\/iframe>\n<\/div><\/figure>\n","protected":false},"excerpt":{"rendered":"<p>Cette ann\u00e9e, gr\u00e2ce \u00e0 vous, nous pouvons aider deux actions sur le terrain&nbsp;: Le jardin d\u2019enfants du couvent de Mar Moussa \u00e0 Al&nbsp;Nabek en Syrie. Relief and Reconciliation \u2013 Suisse\u2026 \u2026 dont voici une br\u00e8ve pr\u00e9sentation&nbsp;: Akkar, r\u00e9gion recul\u00e9e du nord Liban, \u00e0 la fronti\u00e8re syrienne. Ici faire pousser des l\u00e9gumes, r\u00e9parer des vieilles voitures&hellip; <br \/> <a class=\"button small blue\" href=\"https:\/\/chemindesolidarite.ch\/index.php\/2020\/11\/05\/sur-le-terrain\/\">Lire la suite<\/a><\/p>\n","protected":false},"author":1,"featured_media":0,"comment_status":"closed","ping_status":"closed","sticky":false,"template":"","format":"standard","meta":{"_monsterinsights_skip_tracking":false,"_monsterinsights_sitenote_active":false,"_monsterinsights_sitenote_note":"","_monsterinsights_sitenote_category":0,"footnotes":""},"categories":[6],"tags":[],"class_list":["post-642","post","type-post","status-publish","format-standard","hentry","category-nouvelles"],"_links":{"self":[{"href":"https:\/\/chemindesolidarite.ch\/index.php\/wp-json\/wp\/v2\/posts\/642","targetHints":{"allow":["GET"]}}],"collection":[{"href":"https:\/\/chemindesolidarite.ch\/index.php\/wp-json\/wp\/v2\/posts"}],"about":[{"href":"https:\/\/chemindesolidarite.ch\/index.php\/wp-json\/wp\/v2\/types\/post"}],"author":[{"embeddable":true,"href":"https:\/\/chemindesolidarite.ch\/index.php\/wp-json\/wp\/v2\/users\/1"}],"replies":[{"embeddable":true,"href":"https:\/\/chemindesolidarite.ch\/index.php\/wp-json\/wp\/v2\/comments?post=642"}],"version-history":[{"count":5,"href":"https:\/\/chemindesolidarite.ch\/index.php\/wp-json\/wp\/v2\/posts\/642\/revisions"}],"predecessor-version":[{"id":677,"href":"https:\/\/chemindesolidarite.ch\/index.php\/wp-json\/wp\/v2\/posts\/642\/revisions\/677"}],"wp:attachment":[{"href":"https:\/\/chemindesolidarite.ch\/index.php\/wp-json\/wp\/v2\/media?parent=642"}],"wp:term":[{"taxonomy":"category","embeddable":true,"href":"https:\/\/chemindesolidarite.ch\/index.php\/wp-json\/wp\/v2\/categories?post=642"},{"taxonomy":"post_tag","embeddable":true,"href":"https:\/\/chemindesolidarite.ch\/index.php\/wp-json\/wp\/v2\/tags?post=642"}],"curies":[{"name":"wp","href":"https:\/\/api.w.org\/{rel}","templated":true}]}}