{"id":614,"date":"2019-09-02T16:42:46","date_gmt":"2019-09-02T15:42:46","guid":{"rendered":"http:\/\/test.chemindesolidarite.ch\/?p=614"},"modified":"2020-11-19T20:22:20","modified_gmt":"2020-11-19T19:22:20","slug":"nouvelles-septembre-2019","status":"publish","type":"post","link":"https:\/\/chemindesolidarite.ch\/index.php\/2019\/09\/02\/nouvelles-septembre-2019\/","title":{"rendered":"Nouvelles septembre 2019"},"content":{"rendered":"\n<div class=\"wp-block-columns is-layout-flex wp-container-core-columns-is-layout-9d6595d7 wp-block-columns-is-layout-flex\">\n<div class=\"wp-block-column is-layout-flow wp-block-column-is-layout-flow\">\n<h3 class=\"has-text-align-center wp-block-heading\">Nos objectifs<\/h3>\n\n\n\n<p>En tant que chr\u00e9tiens, nous avons cr\u00e9\u00e9 cette Association en 2016, pour concr\u00e9tiser un projet d\u2019accueil d\u2019\u00e9tudiants syriens et du Moyen-Orient.<br>Nous souhaitions soutenir l\u2019ouverture d\u2019un canal d\u2019entr\u00e9e l\u00e9gal en Suisse pour permettre \u00e0 des \u00e9tudiants de poursuivre leur formation \u00e0 l\u2019\u00e9cart des violences et de les aider \u00e0 b\u00e2tir leur avenir et de  contribuer \u00e0 la  reconstruction de leur pays. Notre projet initial s\u2019est heurt\u00e9 \u00e0 des difficult\u00e9s administratives et politiques  insurmontables. Face \u00e0 ces difficult\u00e9s, nous avons d\u00e9cid\u00e9 de renoncer temporairement \u00e0 l\u2019accueil d\u2019\u00e9tudiants en Suisse et choisi de soutenir  financi\u00e8rement ceux qui sont re\u00e7us par les milieux acad\u00e9miques de l\u2019Italie du Nord, avec qui nous sommes en \u00e9troit contact.<br>En 2018, l\u2019association a \u00e9t\u00e9 reconnue d\u2019int\u00e9r\u00eat public par l\u2019Administration fiscale genevoise.<br>Les dons sont  d\u00e9ductibles sur la d\u00e9claration d\u2019imp\u00f4ts.<\/p>\n<\/div>\n\n\n\n<div class=\"wp-block-column is-layout-flow wp-block-column-is-layout-flow\">\n<h3 class=\"has-text-align-center wp-block-heading\">2018-2019<\/h3>\n\n\n\n<p>L\u2019ann\u00e9e universitaire 2018-2019 nous a permis de tester cette solution avec le  soutien \u00e0 cinq \u00e9tudiants (4 hommes et 1 femme). Avec nos moyens limit\u00e9s, nous les avons aid\u00e9s pour divers frais ponctuels (avion, visas, etc.) et pour les mois  (septembre \u00e0 d\u00e9cembre) dans  l\u2019attente de leur bourse de l\u2019universit\u00e9.<\/p>\n\n\n\n<h3 class=\"has-text-align-center wp-block-heading\">2019-2020<\/h3>\n\n\n\n<p>Pour 2019-2020, apr\u00e8s l\u2019\u00e9tude de 17 dossiers, nous soutiendrons 11 \u00e9tudiant(e)s : 9 \u00e9tudiants ont obtenu leur visa et sont arriv\u00e9s en Italie d\u00e9but septembre et 2  candidates arriveront en janvier.<\/p>\n\n\n\n<figure class=\"wp-block-image size-large\"><img loading=\"lazy\" decoding=\"async\" width=\"481\" height=\"284\" src=\"http:\/\/chemindesolidarite.ch\/wp-content\/uploads\/2020\/11\/Nouvelles-CSC0-N1-septembre-2019.jpg\" alt=\"\" class=\"wp-image-620\" srcset=\"https:\/\/chemindesolidarite.ch\/wp-content\/uploads\/2020\/11\/Nouvelles-CSC0-N1-septembre-2019.jpg 481w, https:\/\/chemindesolidarite.ch\/wp-content\/uploads\/2020\/11\/Nouvelles-CSC0-N1-septembre-2019-300x177.jpg 300w\" sizes=\"auto, (max-width: 481px) 100vw, 481px\" \/><figcaption>Anas, Ibrahim, Fadi, Kinan et leur visa !<\/figcaption><\/figure>\n<\/div>\n\n\n\n<div class=\"wp-block-column is-layout-flow wp-block-column-is-layout-flow\">\n<h3 class=\"has-text-align-center wp-block-heading\">Petites nouvelles<\/h3>\n\n\n\n<p class=\"has-text-align-center\"><strong>Janvier<\/strong><\/p>\n\n\n\n<p>La conf\u00e9rence qui suivait notre AG a r\u00e9uni plus de 80 personnes.<\/p>\n\n\n\n<p class=\"has-text-align-center\"><strong>F\u00e9vrier<\/strong><\/p>\n\n\n\n<p>Avec joie, nous vous partageons que Bassel a eu 30\/30 en virologie mol\u00e9culaire et que Katia a r\u00e9ussi son examen.<\/p>\n\n\n\n<p class=\"has-text-align-center\"><strong>Mars<\/strong><\/p>\n\n\n\n<p>Pour \u00e9viter des frais, nous avons ouvert un compte en \u20acuros :<br>CCP : 15-225098-9 \/ IBAN : CH36 0900 0000 1522 5098 9<\/p>\n\n\n\n<p class=\"has-text-align-center\"><strong>Avril<\/strong><\/p>\n\n\n\n<p>S\u2019il nous lit, nous remercions le donateur anonyme qui nous a vers\u00e9 1000.- francs.<\/p>\n\n\n\n<p class=\"has-text-align-center\"><strong>Juin<\/strong><\/p>\n\n\n\n<p>Gr\u00e2ce \u00e0 vous et 2 fondations anonymes, nous avons re\u00e7u 21&rsquo;000.- francs cette ann\u00e9e\u2026 et nous nous sommes engag\u00e9s pour 24&rsquo;000.- francs d\u2019aide aux \u00e9tudiants.<\/p>\n\n\n\n<p class=\"has-text-align-center\"><strong>Septembre<\/strong><\/p>\n\n\n\n<p>Katia, Bassel et Shadi, arriv\u00e9s en 2018, ont brillamment r\u00e9ussi leurs examens et commencent la 2\u00e8me ann\u00e9e de Master. Et nous publions notre premier bulletin de <strong>Nouvelles<\/strong>.<\/p>\n<\/div>\n<\/div>\n\n\n\n<h2 class=\"has-text-align-center wp-block-heading\">Principes<\/h2>\n\n\n\n<p class=\"has-text-align-center\">Notre action s\u2019interdit toute diff\u00e9rence de traitement sur la base de  l\u2019origine, de la religion, ou du genre. En lien avec les P\u00e8res j\u00e9suites bas\u00e9s en Syrie, notamment Mar Musa et JRS (Jesuit Refugee Service), les candidats sont s\u00e9lectionn\u00e9s en fonction de leurs aptitudes acad\u00e9miques et  d\u2019int\u00e9gration. Notre association s\u2019efforce d\u2019avoir une dimension \u0153cum\u00e9nique.<\/p>\n\n\n\n<p><strong>T\u00e9l\u00e9charger le PDF<\/strong><\/p>\n\n\n\n<div class=\"wp-block-file\"><a href=\"http:\/\/chemindesolidarite.ch\/wp-content\/uploads\/2019\/09\/Nouvelles-CSC0-N\u00b01-septembre-2019.pdf\">Nouvelles septembre 2019<\/a><a href=\"http:\/\/chemindesolidarite.ch\/wp-content\/uploads\/2019\/09\/Nouvelles-CSC0-N\u00b01-septembre-2019.pdf\" class=\"wp-block-file__button\" download>T\u00e9l\u00e9charger<\/a><\/div>\n\n\n\n<p><\/p>\n","protected":false},"excerpt":{"rendered":"<p>Nos objectifs En tant que chr\u00e9tiens, nous avons cr\u00e9\u00e9 cette Association en 2016, pour concr\u00e9tiser un projet d\u2019accueil d\u2019\u00e9tudiants syriens et du Moyen-Orient.Nous souhaitions soutenir l\u2019ouverture d\u2019un canal d\u2019entr\u00e9e l\u00e9gal en Suisse pour permettre \u00e0 des \u00e9tudiants de poursuivre leur formation \u00e0 l\u2019\u00e9cart des violences et de les aider \u00e0 b\u00e2tir leur avenir et de&hellip; <br \/> <a class=\"button small blue\" href=\"https:\/\/chemindesolidarite.ch\/index.php\/2019\/09\/02\/nouvelles-septembre-2019\/\">Lire la suite<\/a><\/p>\n","protected":false},"author":1,"featured_media":0,"comment_status":"closed","ping_status":"closed","sticky":false,"template":"","format":"standard","meta":{"_monsterinsights_skip_tracking":false,"_monsterinsights_sitenote_active":false,"_monsterinsights_sitenote_note":"","_monsterinsights_sitenote_category":0,"footnotes":""},"categories":[6],"tags":[],"class_list":["post-614","post","type-post","status-publish","format-standard","hentry","category-nouvelles"],"_links":{"self":[{"href":"https:\/\/chemindesolidarite.ch\/index.php\/wp-json\/wp\/v2\/posts\/614","targetHints":{"allow":["GET"]}}],"collection":[{"href":"https:\/\/chemindesolidarite.ch\/index.php\/wp-json\/wp\/v2\/posts"}],"about":[{"href":"https:\/\/chemindesolidarite.ch\/index.php\/wp-json\/wp\/v2\/types\/post"}],"author":[{"embeddable":true,"href":"https:\/\/chemindesolidarite.ch\/index.php\/wp-json\/wp\/v2\/users\/1"}],"replies":[{"embeddable":true,"href":"https:\/\/chemindesolidarite.ch\/index.php\/wp-json\/wp\/v2\/comments?post=614"}],"version-history":[{"count":13,"href":"https:\/\/chemindesolidarite.ch\/index.php\/wp-json\/wp\/v2\/posts\/614\/revisions"}],"predecessor-version":[{"id":628,"href":"https:\/\/chemindesolidarite.ch\/index.php\/wp-json\/wp\/v2\/posts\/614\/revisions\/628"}],"wp:attachment":[{"href":"https:\/\/chemindesolidarite.ch\/index.php\/wp-json\/wp\/v2\/media?parent=614"}],"wp:term":[{"taxonomy":"category","embeddable":true,"href":"https:\/\/chemindesolidarite.ch\/index.php\/wp-json\/wp\/v2\/categories?post=614"},{"taxonomy":"post_tag","embeddable":true,"href":"https:\/\/chemindesolidarite.ch\/index.php\/wp-json\/wp\/v2\/tags?post=614"}],"curies":[{"name":"wp","href":"https:\/\/api.w.org\/{rel}","templated":true}]}}