{"id":600,"date":"2020-01-02T17:45:33","date_gmt":"2020-01-02T16:45:33","guid":{"rendered":"http:\/\/test.chemindesolidarite.ch\/?p=600"},"modified":"2020-11-14T18:12:08","modified_gmt":"2020-11-14T17:12:08","slug":"nouvelles-janvier-2020","status":"publish","type":"post","link":"https:\/\/chemindesolidarite.ch\/index.php\/2020\/01\/02\/nouvelles-janvier-2020\/","title":{"rendered":"Nouvelles janvier 2020"},"content":{"rendered":"\n<div class=\"wp-block-columns is-layout-flex wp-container-core-columns-is-layout-9d6595d7 wp-block-columns-is-layout-flex\">\n<div class=\"wp-block-column is-layout-flow wp-block-column-is-layout-flow\" style=\"flex-basis:66.66%\">\n<h3 class=\"has-text-align-center wp-block-heading\">AG 2020<\/h3>\n\n\n\n<p><strong>Chers membres, donateurs et personnes int\u00e9ress\u00e9es<\/strong>, nous avons le plaisir de vous inviter \u00e0 notre Assembl\u00e9e G\u00e9n\u00e9rale 2020 qui aura lieu le <strong>lundi 17 f\u00e9vrier<\/strong> \u00e0 18h30 au Christ-Roi (Petit-Lancy), suivie \u00e0 20h d\u2019une <strong>conf\u00e9rence du P\u00e8re Jacques Mourad<\/strong> \u2026 (cf. <a href=\"http:\/\/chemindesolidarite.ch\/index.php\/actualites-lundi-17-fevrier-2020\/\" data-type=\"page\" data-id=\"418\">l\u2019invitation<\/a>).<\/p>\n\n\n\n<h3 class=\"has-text-align-center wp-block-heading\">Nos engagements et actions d&rsquo;aide<\/h3>\n\n\n\n<p>Nos actions possibles pour les \u00e9tudiants syriens en Italie :<\/p>\n\n\n\n<ul class=\"wp-block-list\"><li>Participer \u00e0 la s\u00e9lection des candidats sur des crit\u00e8res acad\u00e9miques et sociaux.<\/li><li>Participer \u00e0 la r\u00e9partition entre les universit\u00e9s.<\/li><li>Aide administrative \u00e0 l\u2019obtention du visa et lettre de soutien.<\/li><li>Aide administrative pour l\u2019obtention de la bourse.<\/li><li>Soutien dans les d\u00e9marches d\u2019int\u00e9gration et adaptation dans leur nouvelle vie et culture (cours d\u2019italien par exemple)<\/li><li>Aide pour trouver un logement (famille d\u2019accueil, foyer universitaire ou congr\u00e9gation).<\/li><li>Aide financi\u00e8re ponctuelle pour les frais d\u2019arriv\u00e9e (passeport, visa, permis de s\u00e9jour, taxes d\u2019inscription, assurance maladie, etc.).<\/li><li>Aide financi\u00e8re pour le billet d\u2019avion (dans certains cas particuliers).<\/li><li>Aide financi\u00e8re pour les \u00ab frais de vie \u00bb en l\u2019attente du versement de la bourse.<\/li><li>Aide financi\u00e8re pour le logement (dans certains cas particuliers).<\/li><\/ul>\n\n\n\n<p>Ces aides ne sont pas automatiques et sont d\u00e9cid\u00e9es par le Comit\u00e9 au cas par cas, en tenant compte de nos possibilit\u00e9s, de la situation de chacun et de notre \u00e9thique.<\/p>\n<\/div>\n\n\n\n<div class=\"wp-block-column is-layout-flow wp-block-column-is-layout-flow\" style=\"flex-basis:33.33%\">\n<h4 class=\"has-text-align-center wp-block-heading\">Decembre 2019<\/h4>\n\n\n\n<p>Les 14 et 15 d\u00e9cembre, des membres de notre Comit\u00e9, le P\u00e8re j\u00e9suite Naoras Sammour, S\u0153ur Deema de Mar Moussa et nos amis italiens des milieux acad\u00e9miques, ont fait route vers Novara pour y retrouver nos chers \u00e9tudiants syriens, soit 40 personnes.<\/p>\n\n\n\n<p>H\u00e9berg\u00e9s par la Pr\u00e9sidence du \u00ab\u00a0Villaggio Azzurro de Novarello\u00a0\u00bb, nous avons v\u00e9cu 2 jours de retraite spirituelle. Ce moment de communion, de partage et de pri\u00e8re pendant l\u2019Avent, a \u00e9t\u00e9 une gr\u00e2ce pour tous.<\/p>\n\n\n\n<p>Soulignons le d\u00e9sir concret d\u2019\u00e9couter et de comprendre mieux la Parole, la joie, la profondeur et la libert\u00e9 du partage, signe de communaut\u00e9 et de fortification de la vie spirituelle.<\/p>\n\n\n\n<p>Merci vraiment \u00e0 tous pour ces deux jours, beaux et tr\u00e8s riches.<\/p>\n<\/div>\n<\/div>\n\n\n\n<div class=\"wp-block-columns is-layout-flex wp-container-core-columns-is-layout-9d6595d7 wp-block-columns-is-layout-flex\">\n<div class=\"wp-block-column is-layout-flow wp-block-column-is-layout-flow\">\n<figure class=\"wp-block-image size-large\"><img loading=\"lazy\" decoding=\"async\" width=\"710\" height=\"473\" src=\"http:\/\/chemindesolidarite.ch\/wp-content\/uploads\/2020\/11\/avril01.jpg\" alt=\"\" class=\"wp-image-604\" srcset=\"https:\/\/chemindesolidarite.ch\/wp-content\/uploads\/2020\/11\/avril01.jpg 710w, https:\/\/chemindesolidarite.ch\/wp-content\/uploads\/2020\/11\/avril01-300x200.jpg 300w\" sizes=\"auto, (max-width: 710px) 100vw, 710px\" \/><\/figure>\n<\/div>\n\n\n\n<div class=\"wp-block-column is-layout-flow wp-block-column-is-layout-flow\">\n<figure class=\"wp-block-image size-large\"><img loading=\"lazy\" decoding=\"async\" width=\"738\" height=\"472\" src=\"http:\/\/chemindesolidarite.ch\/wp-content\/uploads\/2020\/01\/avril02.jpg\" alt=\"\" class=\"wp-image-610\" srcset=\"https:\/\/chemindesolidarite.ch\/wp-content\/uploads\/2020\/01\/avril02.jpg 738w, https:\/\/chemindesolidarite.ch\/wp-content\/uploads\/2020\/01\/avril02-300x192.jpg 300w\" sizes=\"auto, (max-width: 738px) 100vw, 738px\" \/><\/figure>\n\n\n\n<p><\/p>\n<\/div>\n<\/div>\n\n\n\n<p class=\"has-text-align-center\">L&rsquo;\u00e9glise du monast\u00e8re de Mar Elian, lieu d\u2019espoir et de pri\u00e8re, a \u00e9t\u00e9 construite dans le Village Azzurro, sur le mod\u00e8le de celle d\u2019Alqaryatayn, \u00e0 Homs en Syrie qui a \u00e9t\u00e9 d\u00e9truite par Daech en 2015.<\/p>\n\n\n\n<p><strong>T\u00e9l\u00e9charger le PDF<\/strong><\/p>\n\n\n\n<div class=\"wp-block-file\"><a href=\"http:\/\/chemindesolidarite.ch\/wp-content\/uploads\/2020\/01\/Nouvelles-CSC0-N\u00b02-janvier-2020.pdf\">Nouvelles janvier 2020<\/a><a href=\"http:\/\/chemindesolidarite.ch\/wp-content\/uploads\/2020\/01\/Nouvelles-CSC0-N\u00b02-janvier-2020.pdf\" class=\"wp-block-file__button\" download>T\u00e9l\u00e9charger<\/a><\/div>\n","protected":false},"excerpt":{"rendered":"<p>AG 2020 Chers membres, donateurs et personnes int\u00e9ress\u00e9es, nous avons le plaisir de vous inviter \u00e0 notre Assembl\u00e9e G\u00e9n\u00e9rale 2020 qui aura lieu le lundi 17 f\u00e9vrier \u00e0 18h30 au Christ-Roi (Petit-Lancy), suivie \u00e0 20h d\u2019une conf\u00e9rence du P\u00e8re Jacques Mourad \u2026 (cf. l\u2019invitation). Nos engagements et actions d&rsquo;aide Nos actions possibles pour les \u00e9tudiants&hellip; <br \/> <a class=\"button small blue\" href=\"https:\/\/chemindesolidarite.ch\/index.php\/2020\/01\/02\/nouvelles-janvier-2020\/\">Lire la suite<\/a><\/p>\n","protected":false},"author":4,"featured_media":0,"comment_status":"closed","ping_status":"closed","sticky":false,"template":"","format":"standard","meta":{"_monsterinsights_skip_tracking":false,"_monsterinsights_sitenote_active":false,"_monsterinsights_sitenote_note":"","_monsterinsights_sitenote_category":0,"footnotes":""},"categories":[6],"tags":[],"class_list":["post-600","post","type-post","status-publish","format-standard","hentry","category-nouvelles"],"_links":{"self":[{"href":"https:\/\/chemindesolidarite.ch\/index.php\/wp-json\/wp\/v2\/posts\/600","targetHints":{"allow":["GET"]}}],"collection":[{"href":"https:\/\/chemindesolidarite.ch\/index.php\/wp-json\/wp\/v2\/posts"}],"about":[{"href":"https:\/\/chemindesolidarite.ch\/index.php\/wp-json\/wp\/v2\/types\/post"}],"author":[{"embeddable":true,"href":"https:\/\/chemindesolidarite.ch\/index.php\/wp-json\/wp\/v2\/users\/4"}],"replies":[{"embeddable":true,"href":"https:\/\/chemindesolidarite.ch\/index.php\/wp-json\/wp\/v2\/comments?post=600"}],"version-history":[{"count":7,"href":"https:\/\/chemindesolidarite.ch\/index.php\/wp-json\/wp\/v2\/posts\/600\/revisions"}],"predecessor-version":[{"id":612,"href":"https:\/\/chemindesolidarite.ch\/index.php\/wp-json\/wp\/v2\/posts\/600\/revisions\/612"}],"wp:attachment":[{"href":"https:\/\/chemindesolidarite.ch\/index.php\/wp-json\/wp\/v2\/media?parent=600"}],"wp:term":[{"taxonomy":"category","embeddable":true,"href":"https:\/\/chemindesolidarite.ch\/index.php\/wp-json\/wp\/v2\/categories?post=600"},{"taxonomy":"post_tag","embeddable":true,"href":"https:\/\/chemindesolidarite.ch\/index.php\/wp-json\/wp\/v2\/tags?post=600"}],"curies":[{"name":"wp","href":"https:\/\/api.w.org\/{rel}","templated":true}]}}