{"id":588,"date":"2020-04-02T16:44:46","date_gmt":"2020-04-02T15:44:46","guid":{"rendered":"http:\/\/test.chemindesolidarite.ch\/?p=588"},"modified":"2020-12-10T15:57:28","modified_gmt":"2020-12-10T14:57:28","slug":"nouvelles-des-etudiants-confines-en-italie","status":"publish","type":"post","link":"https:\/\/chemindesolidarite.ch\/index.php\/2020\/04\/02\/nouvelles-des-etudiants-confines-en-italie\/","title":{"rendered":"Nouvelles des \u00e9tudiants confin\u00e9s en Italie"},"content":{"rendered":"\n<div class=\"wp-block-group\"><div class=\"wp-block-group__inner-container is-layout-flow wp-block-group-is-layout-flow\">\n<p>Nos \u00e9tudiants ont commenc\u00e9, le Lundi de P\u00e2ques, leur septi\u00e8me semaine de confinement. Malgr\u00e9 le fait qu\u2019ils se trouvent dans la r\u00e9gion la plus touch\u00e9e d\u2019Italie, tous sont en bonne sant\u00e9. Ceux qui sont \u00e0 Brescia, chez les franciscains, ont subi un confinement tr\u00e8s strict pour ne pas exposer les p\u00e8res \u00e2g\u00e9s. Chez eux, une seule personne est habilit\u00e9e \u00e0 sortir pour faire les courses. Les \u00e9tudiants se trouvant dans les r\u00e9sidences universitaires \u00e0 Milan doivent g\u00e9rer l\u2019exigu\u00eft\u00e9 de petites cellules et aussi un confinement assez strict. Une seule petite sortie par semaine est possible. Cependant, tous arrivent \u00e0 continuer \u00e0 suivre leur cours en ligne. Les \u00e9tudiants arrivant en fin de master sont en train de pr\u00e9parer leur th\u00e8se et pour les pr\u00e9senter en ligne \u00e0 la fin avril. Cette situation est un peu compliqu\u00e9e. Les deux jeunes filles arriv\u00e9es au d\u00e9but janvier sont log\u00e9es dans des familles d\u2019accueil et sont \u00e9galement confin\u00e9es \u00e0 Milan. Leur situation est ardue car elles doivent suivre les cours \u00e0 distance sans avoir pu au pr\u00e9alable aller quelques jours \u00e0 l\u2019universit\u00e9. L\u2019une d\u2019elle a subi, pendant cette p\u00e9riode, la terrible \u00e9preuve de perdre sa m\u00e8re en Syrie. Les \u00e9tudiants du Pi\u00e9mont (Vercelli et Novara) continuent aussi leurs cours \u00e0 distance avec un confinement l\u00e9g\u00e8rement moins strict. Ils continuent de progresser en italien gr\u00e2ce aux cours particuliers qu\u2019ils ont avec le Professeur Gaidano. Derni\u00e8rement, notre vice-pr\u00e9sidente, Raffaella, a lanc\u00e9 une rencontre hebdomadaire avec tous les \u00e9tudiants le dimanche soir, gr\u00e2ce \u00e0 un site web \u00e0 distance. Ces discussions sont accompagn\u00e9es par un p\u00e8re comorien qui parle italien et qui vit en Terre Sainte. Parfois aussi le P\u00e8re Nawras participe aux \u00e9changes depuis Beyrouth. Cette possibilit\u00e9 de parler et se d\u2019exprimer leur fait beaucoup de bien.<\/p>\n<\/div><\/div>\n\n\n\n<p><strong>T\u00e9l\u00e9charger le PDF des nouvelles d&rsquo;Avril 2020<\/strong><\/p>\n\n\n\n<div class=\"wp-block-file\"><a href=\"http:\/\/chemindesolidarite.ch\/wp-content\/uploads\/2020\/05\/Nouvelles-CSC0-N\u00b03-avril-2020-.pdf\">Nouvelles avril 2020<\/a><a href=\"http:\/\/chemindesolidarite.ch\/wp-content\/uploads\/2020\/05\/Nouvelles-CSC0-N\u00b03-avril-2020-.pdf\" class=\"wp-block-file__button\" download>T\u00e9l\u00e9charger<\/a><\/div>\n\n\n\n<p><\/p>\n","protected":false},"excerpt":{"rendered":"<p>Nos \u00e9tudiants ont commenc\u00e9, le Lundi de P\u00e2ques, leur septi\u00e8me semaine de confinement. Malgr\u00e9 le fait qu\u2019ils se trouvent dans la r\u00e9gion la plus touch\u00e9e d\u2019Italie, tous sont en bonne sant\u00e9. Ceux qui sont \u00e0 Brescia, chez les franciscains, ont subi un confinement tr\u00e8s strict pour ne pas exposer les p\u00e8res \u00e2g\u00e9s. <\/p>\n","protected":false},"author":1,"featured_media":0,"comment_status":"closed","ping_status":"closed","sticky":false,"template":"","format":"standard","meta":{"_monsterinsights_skip_tracking":false,"_monsterinsights_sitenote_active":false,"_monsterinsights_sitenote_note":"","_monsterinsights_sitenote_category":0,"footnotes":""},"categories":[6],"tags":[],"class_list":["post-588","post","type-post","status-publish","format-standard","hentry","category-nouvelles"],"_links":{"self":[{"href":"https:\/\/chemindesolidarite.ch\/index.php\/wp-json\/wp\/v2\/posts\/588","targetHints":{"allow":["GET"]}}],"collection":[{"href":"https:\/\/chemindesolidarite.ch\/index.php\/wp-json\/wp\/v2\/posts"}],"about":[{"href":"https:\/\/chemindesolidarite.ch\/index.php\/wp-json\/wp\/v2\/types\/post"}],"author":[{"embeddable":true,"href":"https:\/\/chemindesolidarite.ch\/index.php\/wp-json\/wp\/v2\/users\/1"}],"replies":[{"embeddable":true,"href":"https:\/\/chemindesolidarite.ch\/index.php\/wp-json\/wp\/v2\/comments?post=588"}],"version-history":[{"count":14,"href":"https:\/\/chemindesolidarite.ch\/index.php\/wp-json\/wp\/v2\/posts\/588\/revisions"}],"predecessor-version":[{"id":656,"href":"https:\/\/chemindesolidarite.ch\/index.php\/wp-json\/wp\/v2\/posts\/588\/revisions\/656"}],"wp:attachment":[{"href":"https:\/\/chemindesolidarite.ch\/index.php\/wp-json\/wp\/v2\/media?parent=588"}],"wp:term":[{"taxonomy":"category","embeddable":true,"href":"https:\/\/chemindesolidarite.ch\/index.php\/wp-json\/wp\/v2\/categories?post=588"},{"taxonomy":"post_tag","embeddable":true,"href":"https:\/\/chemindesolidarite.ch\/index.php\/wp-json\/wp\/v2\/tags?post=588"}],"curies":[{"name":"wp","href":"https:\/\/api.w.org\/{rel}","templated":true}]}}